{"id":1118,"date":"2010-01-17T07:02:49","date_gmt":"2010-01-17T05:02:49","guid":{"rendered":"http:\/\/www.matchboox.fr\/?p=1118"},"modified":"2010-05-13T08:57:05","modified_gmt":"2010-05-13T06:57:05","slug":"jean-vodaine-2","status":"publish","type":"post","link":"https:\/\/www.fireboox.fr\/?p=1118","title":{"rendered":"Jean Vodaine"},"content":{"rendered":"<p><img loading=\"lazy\" decoding=\"async\" class=\"alignnone size-full wp-image-1119\" title=\"Jean-Vodaine\" src=\"http:\/\/www.matchboox.fr\/wp-content\/uploads\/2010\/01\/Jean-Vodaine.jpg\" alt=\"Jean-Vodaine\" width=\"475\" height=\"800\" srcset=\"https:\/\/www.fireboox.fr\/wp-content\/uploads\/2010\/01\/Jean-Vodaine.jpg 475w, https:\/\/www.fireboox.fr\/wp-content\/uploads\/2010\/01\/Jean-Vodaine-178x300.jpg 178w\" sizes=\"(max-width: 475px) 100vw, 475px\" \/><\/p>\n<p align=\"right\"><strong><span style=\"color: #ff0066;\">Jean Vodaine<\/span><\/strong> est n\u00e9 le 6 juillet 1921 \u00e0 Volce, aujourd&#8217;hui en Slov\u00e9nie, alors en V\u00e9nitie Julienne. A trois ans, sa famille, la famille Kaucic, s&#8217;installe en Moselle. Il obtient le Certificat d&#8217;\u00e9tudes en juin 1933 et un C.A.P. de cordonnier en 1938.<\/p>\n<p>En 1947, il publie <em>Rose et noir<\/em>, son premier recueil po\u00e9tique, et se marie. Il entreprend une correspondance avec Gaston Chaissac et Jean Dubuffet. En 1951, il lance avec Edmond Dune le <em>Courrier de Po\u00e9sie. <\/em>Il travaille comme manoeuvre aux hauts-fourneaux de Thionville (1951-1953). Puis il devient secr\u00e9taire de Bruno Durocher (Editions Caract\u00e8res) \u00e0 Paris et rencontre de nombreux po\u00e8tes (1954-1955). Courant 1955, il revient \u00e0 Basse-Yutz.<\/p>\n<p>Ouvrier \u00e9lectricien, comptable de chantier, aide-m\u00e9treur \u00e0 l&#8217;Alsthom, il effectue des d\u00e9placements sur les voies ferr\u00e9es. Un nouveau recueil, <em>Les Pauvres Heures<\/em>, para\u00eet en 1955. Trois ans plus tard, il lance la revue <em>La Tour aux Puces<\/em> (1958) ; mais il est bient\u00f4t victime d&#8217;un accident du travail (1960). En 1962, il publie le premier num\u00e9ro de la revue <em>Dire<\/em>. Au Mas de la Greffe \u00e0 Montpellier (1964-1966), il poursuit cette publication qu&#8217;il imprime lui-m\u00eame, puis il revient \u00e0 Basse-Yutz.<\/p>\n<p>En 1969, il pr\u00e9sente une exposition r\u00e9trospective de son travail graphique, <em>Dr\u00f4les d&#8217;Oiseaux<\/em>, \u00e0 Basse-Yutz. Il commence \u00e0 imprimer plusieurs livres. <em>La Fable des animaux rest\u00e9s seuls sur terre<\/em>, de Jean Vodaine, est remise \u00e0 Georges Pompidou par le maire de Metz. Il donne des cours \u00e0 l&#8217;\u00e9cole des Beaux-Arts et des Arts Appliqu\u00e9s de Metz et divorce (1972). Il s&#8217;installe alors rue des Allemands, \u00e0 Metz, dans une ancienne cordonnerie, et lance le projet d&#8217;une Maison de la Po\u00e9sie (1973) qui n&#8217;aboutira pas. Il publie <em>S\u00e9r\u00e9nade pour un chien endormi<\/em> et pr\u00e9sente une r\u00e9trospective de son travail graphique \u00e0 Pont-\u00e0-Mousson. La revue <em>Dire<\/em> cesse d&#8217;\u00eatre publi\u00e9 en 1984.<\/p>\n<p>En 1985, il publie <em>Maixines<\/em>. Il obtient enfin la nationalit\u00e9 fran\u00e7aise. Il vit alors dans un petit village du nord de la Meurthe-et-Moselle. Le 8 ao\u00fbt 2006, \u00e0 l&#8217;\u00e2ge de 85 ans, il d\u00e9c\u00e8de dans une maison de retraite de Pont-\u00e0-Mousson<\/p>\n","protected":false},"excerpt":{"rendered":"<p>Jean Vodaine est n\u00e9 le 6 juillet 1921 \u00e0 Volce, aujourd&#8217;hui en Slov\u00e9nie, alors en V\u00e9nitie Julienne. A trois ans, sa famille, la famille Kaucic, s&#8217;installe en Moselle. Il obtient le Certificat d&#8217;\u00e9tudes en juin 1933 et un C.A.P. de cordonnier en 1938. En 1947, il publie Rose et noir, son premier recueil po\u00e9tique, et [&hellip;]<\/p>\n","protected":false},"author":1,"featured_media":0,"comment_status":"closed","ping_status":"open","sticky":false,"template":"","format":"standard","meta":{"footnotes":""},"categories":[4],"tags":[12,202,204,205,15,47,10,11,13,14,46],"class_list":["post-1118","post","type-post","status-publish","format-standard","hentry","category-artiste","tag-art","tag-artiste","tag-cosyworks","tag-exposition","tag-graphisme","tag-jean-vodaine","tag-matchboox","tag-matchboox-fr","tag-poesie","tag-poete","tag-vodaine"],"aioseo_notices":[],"_links":{"self":[{"href":"https:\/\/www.fireboox.fr\/index.php?rest_route=\/wp\/v2\/posts\/1118"}],"collection":[{"href":"https:\/\/www.fireboox.fr\/index.php?rest_route=\/wp\/v2\/posts"}],"about":[{"href":"https:\/\/www.fireboox.fr\/index.php?rest_route=\/wp\/v2\/types\/post"}],"author":[{"embeddable":true,"href":"https:\/\/www.fireboox.fr\/index.php?rest_route=\/wp\/v2\/users\/1"}],"replies":[{"embeddable":true,"href":"https:\/\/www.fireboox.fr\/index.php?rest_route=%2Fwp%2Fv2%2Fcomments&post=1118"}],"version-history":[{"count":4,"href":"https:\/\/www.fireboox.fr\/index.php?rest_route=\/wp\/v2\/posts\/1118\/revisions"}],"predecessor-version":[{"id":1121,"href":"https:\/\/www.fireboox.fr\/index.php?rest_route=\/wp\/v2\/posts\/1118\/revisions\/1121"}],"wp:attachment":[{"href":"https:\/\/www.fireboox.fr\/index.php?rest_route=%2Fwp%2Fv2%2Fmedia&parent=1118"}],"wp:term":[{"taxonomy":"category","embeddable":true,"href":"https:\/\/www.fireboox.fr\/index.php?rest_route=%2Fwp%2Fv2%2Fcategories&post=1118"},{"taxonomy":"post_tag","embeddable":true,"href":"https:\/\/www.fireboox.fr\/index.php?rest_route=%2Fwp%2Fv2%2Ftags&post=1118"}],"curies":[{"name":"wp","href":"https:\/\/api.w.org\/{rel}","templated":true}]}}