{"id":1293,"date":"2010-05-06T10:13:38","date_gmt":"2010-05-06T08:13:38","guid":{"rendered":"http:\/\/www.matchboox.fr\/?p=1293"},"modified":"2010-05-13T08:51:19","modified_gmt":"2010-05-13T06:51:19","slug":"arden-quin-2","status":"publish","type":"post","link":"https:\/\/www.fireboox.fr\/?p=1293","title":{"rendered":"Arden Quin"},"content":{"rendered":"<p><a href=\"http:\/\/www.matchboox.fr\/wp-content\/uploads\/2010\/05\/arden-quin.jpg\"><img loading=\"lazy\" decoding=\"async\" class=\"alignnone size-full wp-image-1294\" title=\"arden quin\" src=\"http:\/\/www.matchboox.fr\/wp-content\/uploads\/2010\/05\/arden-quin.jpg\" alt=\"arden quin\" width=\"340\" height=\"510\" \/><\/a><\/p>\n<p>Apr\u00e8s des \u00e9tudes de droit au <a title=\"Br\u00e9sil\" href=\"http:\/\/fr.wikipedia.org\/wiki\/Br%C3%A9sil\">Br\u00e9sil<\/a>, il rencontre <a title=\"Joaqu\u00edn Torres Garc\u00eda\" href=\"http:\/\/fr.wikipedia.org\/wiki\/Joaqu%C3%ADn_Torres_Garc%C3%ADa\">Joaqu\u00edn Torres Garc\u00eda<\/a> \u00e0 <a title=\"Montevideo\" href=\"http:\/\/fr.wikipedia.org\/wiki\/Montevideo\">Montevideo<\/a> en 1935. En 1938, il s&#8217;installe \u00e0 <a title=\"Buenos Aires\" href=\"http:\/\/fr.wikipedia.org\/wiki\/Buenos_Aires\">Buenos Aires<\/a>, o\u00f9 il lance en 1944 <em>Arturo<\/em> , la premi\u00e8re revue latino-am\u00e9ricaine consacr\u00e9e aux arts abstraits.<\/p>\n<p>En 1945, il fonde le groupe Arte Concreto-invencion qui r\u00e9alisa la premi\u00e8re manifestation d&#8217;art abstrait \u00e0 cadre irr\u00e9gulier. En 1946, il cr\u00e9e le mouvement <a title=\"MADI (Art)\" href=\"http:\/\/fr.wikipedia.org\/wiki\/MADI_%28Art%29\">MADI<\/a> (sigle de son nom\u00a0: car<strong>M<\/strong>elo <strong>A<\/strong>r<strong>D<\/strong>en qu<strong>I<\/strong>n) \u00e0 Buenos Aires, avec les artistes <a title=\"Martin Blaszko (page inexistante)\" href=\"http:\/\/fr.wikipedia.org\/w\/index.php?title=Martin_Blaszko&amp;action=edit&amp;redlink=1\">Martin Blaszko<\/a>, <a title=\"Esteban Eitler (page inexistante)\" href=\"http:\/\/fr.wikipedia.org\/w\/index.php?title=Esteban_Eitler&amp;action=edit&amp;redlink=1\">Esteban Eitler<\/a>, <a title=\"Gyula Kosice (page inexistante)\" href=\"http:\/\/fr.wikipedia.org\/w\/index.php?title=Gyula_Kosice&amp;action=edit&amp;redlink=1\">Gyula Kosice<\/a>, <a title=\"Ignacio Blaszko (page inexistante)\" href=\"http:\/\/fr.wikipedia.org\/w\/index.php?title=Ignacio_Blaszko&amp;action=edit&amp;redlink=1\">Ignacio Blaszko<\/a> et <a title=\"Rhod Rothfuss (page inexistante)\" href=\"http:\/\/fr.wikipedia.org\/w\/index.php?title=Rhod_Rothfuss&amp;action=edit&amp;redlink=1\">Rhod Rothfuss<\/a>. Dans les ann\u00e9es 1950, il dira que l&#8217;origine du nom &#8220;MADI&#8221; est dans la formule &#8220;MAt\u00e9rialisme DIalectique&#8221;, tandis qu&#8217;en 1958 il dira que c&#8217;est une anagramme de &#8220;Movimiento Abstraccion Dimension Invencion&#8221;. MADI propose une peinture hors du carr\u00e9 ou le rectangle et l\u2019utilisation de formes d\u00e9coup\u00e9es. Affranchie des surfaces planes, la peinture peut se faire aussi sur toute type de surfaces, sur des plans amovibles, surfaces galb\u00e9es, et la sculpture sur des espaces creux, structures mobiles et articul\u00e9es.<\/p>\n<p>En 1948, Carmelo Arden-Quin s&#8217;installe d\u00e9finitivement en <a title=\"France\" href=\"http:\/\/fr.wikipedia.org\/wiki\/France\">France<\/a>. Il rencontre <a title=\"Michel Seuphor\" href=\"http:\/\/fr.wikipedia.org\/wiki\/Michel_Seuphor\">Michel Seuphor<\/a>, <a title=\"Marcelle Cahn (page inexistante)\" href=\"http:\/\/fr.wikipedia.org\/w\/index.php?title=Marcelle_Cahn&amp;action=edit&amp;redlink=1\">Marcelle Cahn<\/a>, <a title=\"Herbin\" href=\"http:\/\/fr.wikipedia.org\/wiki\/Herbin\">Herbin<\/a>, <a title=\"Arp\" href=\"http:\/\/fr.wikipedia.org\/wiki\/Arp\">Arp<\/a>, <a title=\"F\u00e9lix Del Marle\" href=\"http:\/\/fr.wikipedia.org\/wiki\/F%C3%A9lix_Del_Marle\">F\u00e9lix Del Marle<\/a>, <a title=\"Denise Ren\u00e9\" href=\"http:\/\/fr.wikipedia.org\/wiki\/Denise_Ren%C3%A9\">Denise Ren\u00e9<\/a>. La m\u00eame ann\u00e9e, le Salon parisien des R\u00e9alit\u00e9s nouvelles, salon de l&#8217;abstraction g\u00e9om\u00e9trique, accueille pour la premi\u00e8re fois en France un ensemble d&#8217;\u0153uvres MADI.<\/p>\n<p>En 1951, <a title=\"Volf Roitman (page inexistante)\" href=\"http:\/\/fr.wikipedia.org\/w\/index.php?title=Volf_Roitman&amp;action=edit&amp;redlink=1\">Volf Roitman<\/a>, codirecteur de la revue <em>Po\u00e9sia Buenos Aires<\/em> revue devenue depuis culte, et qui influencerait toute une g\u00e9n\u00e9ration de po\u00e8tes argentins, arrive \u00e0 Paris. Sa rencontre avec Arden Quin initiera une collaboration qui, pendant un demi-si\u00e8cle, suscitera un renouvellement constant du <a title=\"Concept Madi (page inexistante)\" href=\"http:\/\/fr.wikipedia.org\/w\/index.php?title=Concept_Madi&amp;action=edit&amp;redlink=1\">concept Madi<\/a> et concertera des expositions et autres activit\u00e9s parmi les plus notoires g\u00e9n\u00e9r\u00e9es \u00e0 ce jour par l\u2019art MADI.<\/p>\n<p>Les artistes (<a title=\"Bresciani (page inexistante)\" href=\"http:\/\/fr.wikipedia.org\/w\/index.php?title=Bresciani&amp;action=edit&amp;redlink=1\">Bresciani<\/a>, <a title=\"Desserprit (page inexistante)\" href=\"http:\/\/fr.wikipedia.org\/w\/index.php?title=Desserprit&amp;action=edit&amp;redlink=1\">Desserprit<\/a>, <a title=\"Eielson (page inexistante)\" href=\"http:\/\/fr.wikipedia.org\/w\/index.php?title=Eielson&amp;action=edit&amp;redlink=1\">Eielson<\/a>, <a title=\"Gregorio Vardanega\" href=\"http:\/\/fr.wikipedia.org\/wiki\/Gregorio_Vardanega\">Gregorio Vardanega<\/a> qu\u2019Arden Quin avait r\u00e9unis \u00e0 Paris,dans l\u2019exposition MADI en avril 1950 \u00e0 la <a title=\"Galerie Colette Allendy (page inexistante)\" href=\"http:\/\/fr.wikipedia.org\/w\/index.php?title=Galerie_Colette_Allendy&amp;action=edit&amp;redlink=1\">galerie Colette Allendy<\/a>,et dans le <a title=\"Salon des R\u00e9alit\u00e9s Nouvelles\" href=\"http:\/\/fr.wikipedia.org\/wiki\/Salon_des_R%C3%A9alit%C3%A9s_Nouvelles\">Salon des R\u00e9alit\u00e9s Nouvelles<\/a> de la m\u00eame ann\u00e9e, s\u2019\u00e9taient depuis dispers\u00e9s. Roitman, initi\u00e9 \u00e0 la peinture MADI par Arden Quin, propose alors \u00e0 celui-ci de restructurer le mouvement en France et de cr\u00e9er, l\u2019instar des <a title=\"Surr\u00e9alistes\" href=\"http:\/\/fr.wikipedia.org\/wiki\/Surr%C3%A9alistes\">surr\u00e9alistes<\/a>, un <a title=\"Centre d\u2019\u00c9tudes et de Recherches Madistes (page inexistante)\" href=\"http:\/\/fr.wikipedia.org\/w\/index.php?title=Centre_d%E2%80%99%C3%89tudes_et_de_Recherches_Madistes&amp;action=edit&amp;redlink=1\">centre d\u2019\u00c9tudes et de Recherches Madistes<\/a>. Bient\u00f4t des artistes V\u00e9n\u00e9zu\u00e9liens s\u2019ajoutent \u00e0 eux (<a title=\"Luis Guevara (page inexistante)\" href=\"http:\/\/fr.wikipedia.org\/w\/index.php?title=Luis_Guevara&amp;action=edit&amp;redlink=1\">Luis Guevara<\/a>, <a title=\"Ruben Nu\u00f1ez (page inexistante)\" href=\"http:\/\/fr.wikipedia.org\/w\/index.php?title=Ruben_Nu%C3%B1ez&amp;action=edit&amp;redlink=1\">Ruben Nu\u00f1ez<\/a>) pour exhiber au Salon des R\u00e9alit\u00e9s Nouvelles de 1952, et Fran\u00e7ais (<a title=\"Alexandre\" href=\"http:\/\/fr.wikipedia.org\/wiki\/Alexandre\">Alexandre<\/a>, <a title=\"Lerein (page inexistante)\" href=\"http:\/\/fr.wikipedia.org\/w\/index.php?title=Lerein&amp;action=edit&amp;redlink=1\">Lerein<\/a>, <a title=\"Sallaz (page inexistante)\" href=\"http:\/\/fr.wikipedia.org\/w\/index.php?title=Sallaz&amp;action=edit&amp;redlink=1\">Sallaz<\/a>), \u00e0 la <a title=\"Galerie Suzanne Michel (page inexistante)\" href=\"http:\/\/fr.wikipedia.org\/w\/index.php?title=Galerie_Suzanne_Michel&amp;action=edit&amp;redlink=1\">galerie Suzanne Michel<\/a>, \u00e0 <a title=\"Montmartre (Seine)\" href=\"http:\/\/fr.wikipedia.org\/wiki\/Montmartre_%28Seine%29\">Montmartre<\/a>, en janvier 1953. L\u2019atelier de <a title=\"Marcelle Saint-Omer (page inexistante)\" href=\"http:\/\/fr.wikipedia.org\/w\/index.php?title=Marcelle_Saint-Omer&amp;action=edit&amp;redlink=1\">Marcelle Saint-Omer<\/a>, 23 rue Froidevaux, accueillera deux nouveaux madistes\u00a0: Roger Neyrat et Claude de Seynes, et sera de 1952 \u00e0 1958 ce que le <a title=\"Bateau-Lavoir\" href=\"http:\/\/fr.wikipedia.org\/wiki\/Bateau-Lavoir\">Bateau-Lavoir<\/a> fut aux <a title=\"Cubistes\" href=\"http:\/\/fr.wikipedia.org\/wiki\/Cubistes\">cubistes<\/a>, une sorte de <a title=\"Laboratoire d\u2019Avant-Garde (page inexistante)\" href=\"http:\/\/fr.wikipedia.org\/w\/index.php?title=Laboratoire_d%E2%80%99Avant-Garde&amp;action=edit&amp;redlink=1\">laboratoire d\u2019Avant-Garde<\/a>, une mini Bauhaus, o\u00f9 peintres, sculpteurs, po\u00e8tes se trouvent pour travailler ensemble. Cette m\u00eame ann\u00e9e, les Madistes ont une salle exclusive au <a title=\"Salon des R\u00e9alit\u00e9s Nouvelles\" href=\"http:\/\/fr.wikipedia.org\/wiki\/Salon_des_R%C3%A9alit%C3%A9s_Nouvelles\">Salon des R\u00e9alit\u00e9s Nouvelles<\/a>, o\u00f9 selon le critique fran\u00e7ais Dominique Vi\u00e9ville: les ouvres madistes constitu\u00e8rent des premi\u00e8res marches vers l\u2019<a title=\"Art cin\u00e9tique\" href=\"http:\/\/fr.wikipedia.org\/wiki\/Art_cin%C3%A9tique\">art cin\u00e9tique<\/a> . Celles-ci inspireront l\u2019\u0153uvre post\u00e9rieure de <a title=\"Jes\u00fas-Rafael Soto\" href=\"http:\/\/fr.wikipedia.org\/wiki\/Jes%C3%BAs-Rafael_Soto\">Jes\u00fas-Rafael Soto<\/a> et <a title=\"Carlos Cruz-Diez\" href=\"http:\/\/fr.wikipedia.org\/wiki\/Carlos_Cruz-Diez\">Carlos Cruz-Diez<\/a> , et m\u00eame de <a title=\"Victor Vasarely\" href=\"http:\/\/fr.wikipedia.org\/wiki\/Victor_Vasarely\">Victor Vasarely<\/a>, qui reprendra certains des principes madistes \u00e0 une \u00e9chelle monumentale, dans son mural <a title=\"Positivo-Negativo (page inexistante)\" href=\"http:\/\/fr.wikipedia.org\/w\/index.php?title=Positivo-Negativo&amp;action=edit&amp;redlink=1\">Positivo-Negativo<\/a>, qu\u2019il r\u00e9alisera pour la <a title=\"Cit\u00e9 universitaire de Caracas (page inexistante)\" href=\"http:\/\/fr.wikipedia.org\/w\/index.php?title=Cit%C3%A9_universitaire_de_Caracas&amp;action=edit&amp;redlink=1\">Cit\u00e9 universitaire de Caracas<\/a> et la formulation de son manifeste pr\u00e9face de l\u2019exposition <a title=\"Le mouvement (page inexistante)\" href=\"http:\/\/fr.wikipedia.org\/w\/index.php?title=Le_mouvement&amp;action=edit&amp;redlink=1\">Le mouvement<\/a> \u00e0 la <a title=\"Galerie Denise Ren\u00e9 (page inexistante)\" href=\"http:\/\/fr.wikipedia.org\/w\/index.php?title=Galerie_Denise_Ren%C3%A9&amp;action=edit&amp;redlink=1\">galerie Denise Ren\u00e9<\/a>, en 1955.<\/p>\n<p>Avec les po\u00e8tes fran\u00e7ais <a title=\"Jean Thiercelin\" href=\"http:\/\/fr.wikipedia.org\/wiki\/Jean_Thiercelin\">Jean Thiercelin<\/a> et <a title=\"Jacques Sennelier (page inexistante)\" href=\"http:\/\/fr.wikipedia.org\/w\/index.php?title=Jacques_Sennelier&amp;action=edit&amp;redlink=1\">Jacques Sennelier<\/a>,le sculpteur <a title=\"Henri Tronquoy (page inexistante)\" href=\"http:\/\/fr.wikipedia.org\/w\/index.php?title=Henri_Tronquoy&amp;action=edit&amp;redlink=1\">Henri Tronquoy<\/a>, et Volf Roitman, Arden Quin fonda la revue <em><a title=\"Ailleurs\" href=\"http:\/\/fr.wikipedia.org\/wiki\/Ailleurs\">Ailleurs<\/a><\/em>, que, de 1962 \u00e0 1966, consacrera 8 issues a la diffusion de l\u2019art et la litt\u00e9rature d\u2019avant-garde.<\/p>\n<p>De 1958 \u00e0 1971, Arden Quin concentre sa production autour de la probl\u00e9matique du collage et du d\u00e9coupage. Participe en 1958 \u00e0 l\u2019exposition &#8221; 50 ans de Collages &#8221; au mus\u00e9e de Saint-\u00c9tienne. 1968\u00a0: Manifeste InTervention, \u00e0 Nice avec <a title=\"Marcel Alocco\" href=\"http:\/\/fr.wikipedia.org\/wiki\/Marcel_Alocco\">Marcel Alocco<\/a>, Monticelli, <a title=\"Claude Viallat\" href=\"http:\/\/fr.wikipedia.org\/wiki\/Claude_Viallat\">Claude Viallat<\/a>.<\/p>\n","protected":false},"excerpt":{"rendered":"<p>Apr\u00e8s des \u00e9tudes de droit au Br\u00e9sil, il rencontre Joaqu\u00edn Torres Garc\u00eda \u00e0 Montevideo en 1935. En 1938, il s&#8217;installe \u00e0 Buenos Aires, o\u00f9 il lance en 1944 Arturo , la premi\u00e8re revue latino-am\u00e9ricaine consacr\u00e9e aux arts abstraits. En 1945, il fonde le groupe Arte Concreto-invencion qui r\u00e9alisa la premi\u00e8re manifestation d&#8217;art abstrait \u00e0 cadre [&hellip;]<\/p>\n","protected":false},"author":1,"featured_media":0,"comment_status":"closed","ping_status":"open","sticky":false,"template":"","format":"standard","meta":{"footnotes":""},"categories":[4],"tags":[12,202,204,205,15,10,11,13,14],"class_list":["post-1293","post","type-post","status-publish","format-standard","hentry","category-artiste","tag-art","tag-artiste","tag-cosyworks","tag-exposition","tag-graphisme","tag-matchboox","tag-matchboox-fr","tag-poesie","tag-poete"],"aioseo_notices":[],"_links":{"self":[{"href":"https:\/\/www.fireboox.fr\/index.php?rest_route=\/wp\/v2\/posts\/1293"}],"collection":[{"href":"https:\/\/www.fireboox.fr\/index.php?rest_route=\/wp\/v2\/posts"}],"about":[{"href":"https:\/\/www.fireboox.fr\/index.php?rest_route=\/wp\/v2\/types\/post"}],"author":[{"embeddable":true,"href":"https:\/\/www.fireboox.fr\/index.php?rest_route=\/wp\/v2\/users\/1"}],"replies":[{"embeddable":true,"href":"https:\/\/www.fireboox.fr\/index.php?rest_route=%2Fwp%2Fv2%2Fcomments&post=1293"}],"version-history":[{"count":3,"href":"https:\/\/www.fireboox.fr\/index.php?rest_route=\/wp\/v2\/posts\/1293\/revisions"}],"predecessor-version":[{"id":1296,"href":"https:\/\/www.fireboox.fr\/index.php?rest_route=\/wp\/v2\/posts\/1293\/revisions\/1296"}],"wp:attachment":[{"href":"https:\/\/www.fireboox.fr\/index.php?rest_route=%2Fwp%2Fv2%2Fmedia&parent=1293"}],"wp:term":[{"taxonomy":"category","embeddable":true,"href":"https:\/\/www.fireboox.fr\/index.php?rest_route=%2Fwp%2Fv2%2Fcategories&post=1293"},{"taxonomy":"post_tag","embeddable":true,"href":"https:\/\/www.fireboox.fr\/index.php?rest_route=%2Fwp%2Fv2%2Ftags&post=1293"}],"curies":[{"name":"wp","href":"https:\/\/api.w.org\/{rel}","templated":true}]}}