{"id":1401,"date":"2010-05-11T10:20:28","date_gmt":"2010-05-11T08:20:28","guid":{"rendered":"http:\/\/www.matchboox.fr\/?p=1401"},"modified":"2016-11-14T16:39:49","modified_gmt":"2016-11-14T14:39:49","slug":"le-cabinet-damateur","status":"publish","type":"post","link":"https:\/\/www.fireboox.fr\/?p=1401","title":{"rendered":"Le Cabinet d&#8217;Amateur"},"content":{"rendered":"<p><a href=\"http:\/\/www.fireboox.fr\/wp-content\/uploads\/2010\/05\/CAB.jpg\"><img loading=\"lazy\" decoding=\"async\" class=\"alignnone wp-image-1402 size-full\" title=\"CABinet d'amateur\" src=\"http:\/\/www.fireboox.fr\/wp-content\/uploads\/2010\/05\/CAB.jpg\" alt=\"CABinet d'amateur\" width=\"800\" height=\"606\" srcset=\"https:\/\/www.fireboox.fr\/wp-content\/uploads\/2010\/05\/CAB.jpg 800w, https:\/\/www.fireboox.fr\/wp-content\/uploads\/2010\/05\/CAB-300x227.jpg 300w\" sizes=\"(max-width: 800px) 100vw, 800px\" \/><\/a><\/p>\n<p><span style=\"color: #ff0066;\"><strong>exposition \/<\/strong><strong> avril \/ <\/strong><strong>2010<\/strong><\/span><\/p>\n<p>MatchBoox<br \/>\nun livre d&#8217;art dans une bo\u00eete d&#8217;allumettes !<\/p>\n<p><strong>Pr\u00e9sentation du 9 au 24 avril 2010<\/strong><br \/>\n<span style=\"color: #000000;\">Vernissage le vendredi 9 avril \u00e0 partir de 18 h<\/span><\/p>\n<p><a href=\"http:\/\/www.lecabinetdamateur.com\/expositions\/matchboox\/pdf\/comm-matchboox.pdf\">\/ T\u00e9l\u00e9chargez le communiqu\u00e9 de presse \/<\/a><\/p>\n<p><strong><span style=\"color: #ff0066;\">Le cabinet d\u2019amateur pr\u00e9sente les MatchBoox pour la premi\u00e8re fois \u00e0 Paris<\/span><\/strong>. Cr\u00e9\u00e9es par Richard Meier en collaboration avec sa fille Sophie, vendues au prix de 5 euros, les MatchBoox comptent aujourd\u2019hui pr\u00e8s de 70 titres r\u00e9unissant plus de 60 artistes :<\/p>\n<p>Alain Freixe et Jean-Jacques Laurent &#8211; Alain Helissen &#8211; ALine Philipp &#8211; Aloys Ohlmann &#8211; Armand le Po\u00eate &#8211; Augustin Pineau &#8211; Ben &#8211; Bernard Heidseick &#8211; Bernd Lobach &#8211; Bernd Philippi &#8211; Brigitte Kullewind Brennenstuhl &#8211; C\u00e9lestin Forestier &#8211; Claude Buraglio &#8211; Claude P\u00e9lieu &#8211; Claude Viallat &#8211; Danielle Busquet &#8211; David Tremlett &#8211; Dod &#8211; Emmanuel Molinet &#8211; Erika Magdalinsky &#8211; Estelle S\u00e9r\u00e9 &#8211; Etienne Pressager &#8211; Florence Fabre &#8211; Francesca Caruana &#8211; Franck Garcia &#8211; Fred Calmets &#8211; Gaston Chaissac &#8211; Georges Ayats &#8211; Henri Chopin &#8211; Hubert Lucot &#8211; Isidore Krapo &#8211; Jean Vodaine &#8211; Jean-Jacques Dumont &#8211; Jean-Louis Vila &#8211; Jean-Luc Parant &#8211; Jill Booty &amp; Robin Chapman &#8211; Jo Brouillon &#8211; Joseph Maureso &#8211; Louis Darocha &#8211; Louis Roquin &#8211; Marie Jumelin &#8211; Mario Chichorro &#8211; Matt Glover &#8211; Michel Augeai &#8211; Michelle Vert-Nibet &#8211; Monsieur Qui !? &#8211; Nina Jua Klein &#8211; Olivier Nottellet &#8211; Patrick Loste &#8211; Patrick Mario Bernard &#8211; Patrick Sauze &#8211; Patrick Soladie &#8211; Pawel Fabjanski &#8211; Ralph Bernabei &#8211; Roger Cosme Est\u00e8ve &#8211; Scanreigh &#8211; Sonia Rousseau &#8211; Sophie Meier &#8211; Systaime &#8211; Thomas Vinau &#8211; Titi Parant&#8230;<\/p>\n<p><span style=\"border-radius: 2px; text-indent: 20px; width: auto; padding: 0px 4px 0px 0px; text-align: center; font: bold 11px\/20px 'Helvetica Neue',Helvetica,sans-serif; color: #ffffff; background: #bd081c  no-repeat scroll 3px 50% \/ 14px 14px; position: absolute; opacity: 1; z-index: 8675309; display: none; cursor: pointer;\">Enregistrer<\/span><\/p>\n","protected":false},"excerpt":{"rendered":"<p>exposition \/ avril \/ 2010 MatchBoox un livre d&#8217;art dans une bo\u00eete d&#8217;allumettes ! Pr\u00e9sentation du 9 au 24 avril 2010 Vernissage le vendredi 9 avril \u00e0 partir de 18 h \/ T\u00e9l\u00e9chargez le communiqu\u00e9 de presse \/ Le cabinet d\u2019amateur pr\u00e9sente les MatchBoox pour la premi\u00e8re fois \u00e0 Paris. Cr\u00e9\u00e9es par Richard Meier en [&hellip;]<\/p>\n","protected":false},"author":1,"featured_media":0,"comment_status":"closed","ping_status":"open","sticky":false,"template":"","format":"standard","meta":{"footnotes":""},"categories":[8],"tags":[83,56,84,85,86,12,202,87,31,88,89,90,91,59,61,38,35,204,92,43,93,76,94,95,96,97,205,98,99,75,54,49,100,15,77,41,101,102,47,103,104,105,106,107,68,108,36,109,110,10,11,111,30,112,113,114,115,116,57,73,117,118,18,13,14,119,123,120,20,121,19,26,64,122],"class_list":["post-1401","post","type-post","status-publish","format-standard","hentry","category-exposition","tag-alain-freixe-et-jean-jacques-laurent","tag-alain-helissen","tag-aline-philipp","tag-aloys-ohlmann","tag-armand-le-poete","tag-art","tag-artiste","tag-augustin-pineau","tag-ben","tag-bernard-heidseick","tag-bernd-lobach","tag-bernd-philippi","tag-brigitte-kullewind-brennenstuhl","tag-celestin-forestier","tag-claude-buraglio","tag-claude-pelieu","tag-claude-viallat","tag-cosyworks","tag-danielle-busquet","tag-david-tremlett","tag-dod","tag-donatien-garnier","tag-emmanuel-molinet","tag-erika-magdalinsky","tag-estelle-sere","tag-etienne-pressager","tag-exposition","tag-florence-fabre","tag-francesca-caruana","tag-franck-garcia","tag-fred-calmets","tag-gaston-chaissac","tag-georges-ayats","tag-graphisme","tag-guillaume-bullat","tag-henri-chopin","tag-hubert-lucot","tag-isidore-krapo","tag-jean-vodaine","tag-jean-jacques-dumont","tag-jean-louis-vila","tag-jean-luc-parant","tag-jill-booty-robin-chapman","tag-jo-brouillon","tag-joseph-maureso","tag-louis-darocha","tag-louis-roquin","tag-marie-jumelin","tag-mario-chichorro","tag-matchboox","tag-matchboox-fr","tag-matt-glover","tag-michel-augeai","tag-michelle-vert-nibet","tag-monsieur-qui","tag-nina-jua-klein","tag-olivier-nottellet","tag-patrick-loste","tag-patrick-mario-bernard","tag-patrick-sauze","tag-patrick-soladie","tag-pawel-fabjanski","tag-photo","tag-poesie","tag-poete","tag-ralph-bernabei","tag-richard-meier","tag-roger-cosme-esteve","tag-scanreigh","tag-sonia-rousseau","tag-sophie-meier","tag-systaime","tag-thomas-vinau","tag-titi-parant"],"aioseo_notices":[],"_links":{"self":[{"href":"https:\/\/www.fireboox.fr\/index.php?rest_route=\/wp\/v2\/posts\/1401"}],"collection":[{"href":"https:\/\/www.fireboox.fr\/index.php?rest_route=\/wp\/v2\/posts"}],"about":[{"href":"https:\/\/www.fireboox.fr\/index.php?rest_route=\/wp\/v2\/types\/post"}],"author":[{"embeddable":true,"href":"https:\/\/www.fireboox.fr\/index.php?rest_route=\/wp\/v2\/users\/1"}],"replies":[{"embeddable":true,"href":"https:\/\/www.fireboox.fr\/index.php?rest_route=%2Fwp%2Fv2%2Fcomments&post=1401"}],"version-history":[{"count":6,"href":"https:\/\/www.fireboox.fr\/index.php?rest_route=\/wp\/v2\/posts\/1401\/revisions"}],"predecessor-version":[{"id":1406,"href":"https:\/\/www.fireboox.fr\/index.php?rest_route=\/wp\/v2\/posts\/1401\/revisions\/1406"}],"wp:attachment":[{"href":"https:\/\/www.fireboox.fr\/index.php?rest_route=%2Fwp%2Fv2%2Fmedia&parent=1401"}],"wp:term":[{"taxonomy":"category","embeddable":true,"href":"https:\/\/www.fireboox.fr\/index.php?rest_route=%2Fwp%2Fv2%2Fcategories&post=1401"},{"taxonomy":"post_tag","embeddable":true,"href":"https:\/\/www.fireboox.fr\/index.php?rest_route=%2Fwp%2Fv2%2Ftags&post=1401"}],"curies":[{"name":"wp","href":"https:\/\/api.w.org\/{rel}","templated":true}]}}