{"id":1526,"date":"2010-06-11T10:40:01","date_gmt":"2010-06-11T08:40:01","guid":{"rendered":"http:\/\/www.matchboox.fr\/?p=1526"},"modified":"2010-06-11T10:51:50","modified_gmt":"2010-06-11T08:51:50","slug":"d-garnier-g-bullat","status":"publish","type":"post","link":"https:\/\/www.fireboox.fr\/?p=1526","title":{"rendered":"D.Garnier, G.Bullat"},"content":{"rendered":"<h1 style=\"text-align: justify;\"><a href=\"http:\/\/www.matchboox.fr\/wp-content\/uploads\/2010\/06\/Don+guib.jpg\"><img loading=\"lazy\" decoding=\"async\" class=\"alignnone size-full wp-image-1527\" title=\"Don+guib\" src=\"http:\/\/www.matchboox.fr\/wp-content\/uploads\/2010\/06\/Don+guib.jpg\" alt=\"Don+guib\" width=\"802\" height=\"802\" srcset=\"https:\/\/www.fireboox.fr\/wp-content\/uploads\/2010\/06\/Don+guib.jpg 802w, https:\/\/www.fireboox.fr\/wp-content\/uploads\/2010\/06\/Don+guib-100x100.jpg 100w, https:\/\/www.fireboox.fr\/wp-content\/uploads\/2010\/06\/Don+guib-300x300.jpg 300w\" sizes=\"(max-width: 802px) 100vw, 802px\" \/><\/a><\/h1>\n<h4 style=\"text-align: justify;\"><span style=\"color: #ff0066;\">Donatien Garnier<\/span><\/h4>\n<p style=\"text-align: justify;\">Journaliste au sein du collectif Argos (<a href=\"http:\/\/www.collectifargos.com\" target=\"_blank\">www.collectifargos.com<\/a>) et po\u00e8te. Il entra jadis \u00e0 Sciences-Po pensant qu&#8217;il s&#8217;agirait d&#8217;\u00e9tudier la science po\u00e9tique. Longtemps il crut \u00e0 une m\u00e9prise. Il sait aujourd&#8217;hui combien la cr\u00e9ation est politique.<\/p>\n<p><\/p>\n<h4 style=\"text-align: justify;\"><span style=\"color: #ff0066;\">Guillaume Bullat<\/span><\/h4>\n<p style=\"text-align: justify;\">Graphiste au sein du collectif Voiture 14. ( <a href=\"http:\/\/www.voiture14.com\" target=\"_blank\">www.voiture14.com<\/a> ). Aux Beaux-Arts, il d\u00e9couvrit que son art n&#8217;en \u00e9tait pas un. Un graphiste sert toujours la parole de l&#8217;autre. Ses mots, son discours. Depuis, il parle la langue des images et mesure le champ d&#8217;expression infini et le pouvoir de cette position.<\/p>\n<p><\/p>\n<h4 style=\"text-align: justify;\"><span style=\"color: #ff0066;\">Le tandem<\/span><\/h4>\n<p style=\"text-align: justify;\">Guillaume Bullat et Donatien Garnier ont commenc\u00e9 \u00e0 travailler ensemble autour du Recueil d&#8217;Ecueils, une cartographie du phantasme insulaire (<a href=\"http:\/\/www.recueildecueils.net\" target=\"_blank\">www.recueildecueils.net<\/a>). Ensemble, ils cherchent \u00e0 mettre en place un \u00ab\u00a0chant graphique\u00a0\u00bb dans lequel la parole po\u00e9tique est port\u00e9e tant par la composition (typo)graphique que par le choix du support.<\/p>\n<p><\/p>\n<h4 style=\"text-align: justify;\"><span style=\"color: #ff0066;\">Pr\u00e9sentation <\/span><\/h4>\n<p style=\"text-align: justify;\">Gen\u00e8se de G\u00e9ants<\/p>\n<p style=\"text-align: justify;\">Au commencement, il y a quelques clich\u00e9s en noir et blanc collectionn\u00e9s par un photographe *ami. Des clich\u00e9s de g\u00e9ants. Ils posent des questions auxquelles ils ne r\u00e9pondent que tr\u00e8s partiellement\u00a0: qui sont ces grandes personnes\u00a0? Sont-elles vraiment surdimensionn\u00e9es o\u00f9 bien est-ce leur entourage qui est d\u2019infimes proportions ? Comment vivent-ils leur diff\u00e9rentiel de taille\u00a0? Quelles en sont les cons\u00e9quences pratiques\u00a0? Amoureuses\u00a0? Philosophique\u00a0?<\/p>\n<p style=\"text-align: justify;\">Un texte s\u2019amorce autour de ces interrogations, s\u2019\u00e9largissant progressivement \u00e0 toutes les d\u00e9mesures port\u00e9es et incarn\u00e9es par l\u2019\u00eatre humain, \u00e0 toutes celles dans lesquelles il s\u2019inscrit. Il pourrait s\u2019agir d\u2019une somme en gestation. Assez vite pourtant, le texte se pense achev\u00e9. Cesse donc de s\u2019\u00e9crire pour rechercher la forme de son contenant, un m\u00e9dium qui soit aussi message\u2026 Quelques ann\u00e9es s\u2019\u00e9coulent.<\/p>\n<p style=\"text-align: justify;\">Puis, coup sur coup, une libraire** et une artiste ***proposent leur aide. L\u2019une parle d\u2019origami, l\u2019autre \u00e9voque une collection de livres comprim\u00e9s dans des boites d\u2019allumettes. C\u2019est\u00a0 enfin l\u2019\u00e9vidence\u00a0: quoi de plus appropri\u00e9 qu\u2019un format minuscule \u2013d\u00e9pliable\u00a0! &#8211;\u00a0 pour parler du gigantisme et de sa relativit\u00e9\u00a0?<\/p>\n<p style=\"text-align: justify;\">Mais comment s\u2019y prendre\u00a0? Comment faire entrer vingt colosses et titans dans une boite d\u2019allumettes\u00a0? Le texte est beaucoup trop long. L\u2019\u00e9diteur ****sugg\u00e8re quelques pistes d\u2019amputation et de mise en forme. Il est temps de faire appel au prote, au complice indispensable. Lequel, \u00e0 son tour, r\u00e9clame une miniaturisation. Le long et patient travail de r\u00e9duction commence. Il va trop loin. Le r\u00e9cit initial \u00e9tait trop long, son successeur est trop compact, herm\u00e9tique. La sauce, am\u00e8re, fait grimacer le prote\u00a0: il n\u2019y a plus d\u2019espace pour sa composition. S\u2019ensuivent de longues tractations, des blocages, l\u2019\u00e9volution r\u00e9tive du po\u00e8me&#8230; Jusqu\u2019\u00e0 l\u2019ajustement des exigences.<\/p>\n<p style=\"text-align: justify;\">Satisfait, le prote peut se mettre en mouvement. Une typographie modulaire, la \u00ab\u00a0Titan\u00a0\u00bb, voit le jour \u00e0 partir de poutres et d\u2019articulations. Elle s\u2019empare d\u2019un mot, du suivant, se propage dans le texte. Elle ouvre de nouvelles pistes, suscite des images, ressuscite graphiquement des id\u00e9es disparues dans l\u2019ablation et la r\u00e9\u00e9criture. B\u00e2tie avec des \u00e9l\u00e9ments de toutes tailles, solide comme une poutre de charpente, pr\u00e9cise comme un rouage horloger, la \u00ab\u00a0Titan\u00a0\u00bb structure la composition et anime le texte. Le prote active son outil, joue sur les limites de la lisibilit\u00e9, la police infinit\u00e9simale, les d\u00e9bordements de case et les gonflements de casse. L\u2019immense et le relatif, la relativit\u00e9 de l\u2019immense et le vertige de la relativit\u00e9, se coulent dans la boite.<\/p>\n<p style=\"text-align: justify;\">Les couleurs s\u2019installent. Le rouge vif et le faux or exig\u00e9s par le go\u00fbt tapageur et les r\u00e9f\u00e9rences foraines du r\u00e9dacteur sont subrepticement troqu\u00e9es contre une palette plus subtile, susceptible de restituer leur dignit\u00e9, leur humanit\u00e9, aux colosses bafou\u00e9s.\u00a0 Sang, ciel, t\u00e9n\u00e8bres.<\/p>\n<p style=\"text-align: justify;\">L\u2019\u00e9change reprend. Les artisans se d\u00e9sesp\u00e8rent de n\u2019avoir pas plus de temps. La vie est aussi courte qu\u2019un d\u00e9pliant.<\/p>\n<p style=\"text-align: justify;\">Au moment de livrer, point le r\u00eave d\u2019utiliser le verso du papier. On repart dans la m\u00e9ticuleuse mise au point d\u2019une toise universelle \u00e0 l\u2019usage des g\u00e9ants. Hommage secret au m\u00e8tre \u00e9talon r\u00e9publicain, une telle toise n\u00e9cessite des algorithmes complexes et in\u00e9dits, des mesures de pr\u00e9cision, maintes plong\u00e9es dans les archives.<\/p>\n<p style=\"text-align: justify;\">L\u2019objet est termin\u00e9. Ses auteurs le trouvent tr\u00e8s petit. Plus que ce qu\u2019ils avaient imagin\u00e9. Donc\u00a0mieux. (Ce qui ne les emp\u00eache d\u2019ailleurs pas de d\u00e9sirer une version gigantesque, en affiches.) Ils se r\u00e9jouissent de pouvoir le feuilleter comme un livre, de la r\u00e9ussite du pliage, des \u00e9l\u00e9ments qu\u2019il r\u00e9v\u00e8le, qu\u2019on n\u2019avait pas pr\u00e9vus\u2026Gambergent un peu aussi\u00a0:<\/p>\n<p style=\"text-align: justify;\">&#8211; Tout ce chantier pour quoi\u00a0? Un caillou dans une botte de sept lieues\u00a0?\u00a0 Une graine de baobab dans l\u2019esprit des lecteurs\u00a0?<\/p>\n<p style=\"text-align: justify;\">&#8211; Quelques grammes de papiers et d\u2019encre. Tr\u00e8s p\u00e9rissable. Tr\u00e8s inflammable.<\/p>\n<p><\/p>\n<p style=\"text-align: justify;\"><span style=\"color: #ff0066;\">*S\u00e9bastien Girard<br \/>\n** C\u00e9cile Bory<br \/>\n*** Yolande Magni<br \/>\n****Richard Meier<\/span><\/p>\n","protected":false},"excerpt":{"rendered":"<p>Donatien Garnier Journaliste au sein du collectif Argos (www.collectifargos.com) et po\u00e8te. Il entra jadis \u00e0 Sciences-Po pensant qu&#8217;il s&#8217;agirait d&#8217;\u00e9tudier la science po\u00e9tique. Longtemps il crut \u00e0 une m\u00e9prise. Il sait aujourd&#8217;hui combien la cr\u00e9ation est politique. Guillaume Bullat Graphiste au sein du collectif Voiture 14. ( www.voiture14.com ). Aux Beaux-Arts, il d\u00e9couvrit que son [&hellip;]<\/p>\n","protected":false},"author":1,"featured_media":0,"comment_status":"closed","ping_status":"open","sticky":false,"template":"","format":"standard","meta":{"footnotes":""},"categories":[4],"tags":[],"class_list":["post-1526","post","type-post","status-publish","format-standard","hentry","category-artiste"],"aioseo_notices":[],"_links":{"self":[{"href":"https:\/\/www.fireboox.fr\/index.php?rest_route=\/wp\/v2\/posts\/1526"}],"collection":[{"href":"https:\/\/www.fireboox.fr\/index.php?rest_route=\/wp\/v2\/posts"}],"about":[{"href":"https:\/\/www.fireboox.fr\/index.php?rest_route=\/wp\/v2\/types\/post"}],"author":[{"embeddable":true,"href":"https:\/\/www.fireboox.fr\/index.php?rest_route=\/wp\/v2\/users\/1"}],"replies":[{"embeddable":true,"href":"https:\/\/www.fireboox.fr\/index.php?rest_route=%2Fwp%2Fv2%2Fcomments&post=1526"}],"version-history":[{"count":21,"href":"https:\/\/www.fireboox.fr\/index.php?rest_route=\/wp\/v2\/posts\/1526\/revisions"}],"predecessor-version":[{"id":1548,"href":"https:\/\/www.fireboox.fr\/index.php?rest_route=\/wp\/v2\/posts\/1526\/revisions\/1548"}],"wp:attachment":[{"href":"https:\/\/www.fireboox.fr\/index.php?rest_route=%2Fwp%2Fv2%2Fmedia&parent=1526"}],"wp:term":[{"taxonomy":"category","embeddable":true,"href":"https:\/\/www.fireboox.fr\/index.php?rest_route=%2Fwp%2Fv2%2Fcategories&post=1526"},{"taxonomy":"post_tag","embeddable":true,"href":"https:\/\/www.fireboox.fr\/index.php?rest_route=%2Fwp%2Fv2%2Ftags&post=1526"}],"curies":[{"name":"wp","href":"https:\/\/api.w.org\/{rel}","templated":true}]}}