{"id":153,"date":"2009-06-12T09:21:57","date_gmt":"2009-06-12T07:21:57","guid":{"rendered":"http:\/\/www.bookbox.fr\/newsite\/?p=153"},"modified":"2009-06-12T11:14:04","modified_gmt":"2009-06-12T09:14:04","slug":"bernard-heidseick","status":"publish","type":"post","link":"https:\/\/www.fireboox.fr\/?p=153","title":{"rendered":"Bernard Heidseick"},"content":{"rendered":"<h3><img loading=\"lazy\" decoding=\"async\" class=\"alignnone size-full wp-image-154\" title=\"HEIDSEICK\" src=\"http:\/\/www.bookbox.fr\/newsite\/wp-content\/uploads\/2009\/06\/HEIDSEICK1.jpg\" alt=\"HEIDSEICK\" width=\"300\" height=\"205\" \/><\/p>\n<p><strong><span style=\"color: #ff0066;\">Bernard Heidseick<\/span><\/strong><\/h3>\n<p>N\u00e9 \u00e0 Paris en 1928. Ex-Directeur-adjoint \u00e0 la Banque Fran\u00e7aise du Commerce Ext\u00e9rieur, Paris. Grand Prix National de Po\u00e9sie 1991.<\/p>\n<p>Ex-Pr\u00e9sident de la Commission Po\u00e9sie du Centre National du Livre.<\/p>\n<p>Il est l\u2019un des cr\u00e9ateurs, \u00e0 partir de 1955 de la \u201cpo\u00e9sie sonore\u201d et \u00e0 partir de 1962 de la \u201cpo\u00e9sie action\u201d. 1955 : premiers \u201cPo\u00e8mes-partitions\u201d, et \u00e0 partir de 1959, utilisation du magn\u00e9tophone en tant que moyen d\u2019\u00e9criture et de retransmission compl\u00e9mentaire.<br \/>\nDe 1966 \u00e0 1969 : 13 \u201cBiopsies\u201d. Depuis 1969 et jusqu\u2019\u00e0 1980 : 29 \u201cPasse-partout\u201d.<br \/>\nDe 1978 \u00e0 1986 : \u201cDerviche\/Le Robert\u201d (26 po\u00e8mes sonores).<br \/>\nDepuis 1988 : \u201cRespirations et br\u00e8ves rencontres\u201d (60 po\u00e8mes).<\/p>\n<p>Il a organis\u00e9 \u00e0 Paris le Premier Festival International de Po\u00e9sie sonore, en 1976, \u00e0 l\u2019Atelier Annick Le Moine, et (en association avec Mich\u00e8le M\u00e9tail) les \u201cRencontres Internationales 1980 de po\u00e9sie sonore\u201d, \u00e0 Rennes, au Havre et au Centre Georges Pompidou. A particip\u00e9 de nombreuses ann\u00e9es au Bureau d\u2019organisation du Festival Polyphonix dont il a assum\u00e9 la Pr\u00e9sidence un certain temps.<br \/>\nIl a r\u00e9alis\u00e9 plus de 360 lectures publiques de ses textes dans une quinzaine de pays (dont 130 dans le cadre de manifestations personnelles) et a particip\u00e9 \u00e0 de nombreux Festivals Internationaux de po\u00e9sie.<br \/>\nPublications dans de tr\u00e8s nombreuses revues fran\u00e7aises et \u00e9trang\u00e8res.<\/p>\n","protected":false},"excerpt":{"rendered":"<p>Bernard Heidseick N\u00e9 \u00e0 Paris en 1928. Ex-Directeur-adjoint \u00e0 la Banque Fran\u00e7aise du Commerce Ext\u00e9rieur, Paris. Grand Prix National de Po\u00e9sie 1991. Ex-Pr\u00e9sident de la Commission Po\u00e9sie du Centre National du Livre. Il est l\u2019un des cr\u00e9ateurs, \u00e0 partir de 1955 de la \u201cpo\u00e9sie sonore\u201d et \u00e0 partir de 1962 de la \u201cpo\u00e9sie action\u201d. 1955 [&hellip;]<\/p>\n","protected":false},"author":3,"featured_media":0,"comment_status":"closed","ping_status":"open","sticky":false,"template":"","format":"standard","meta":{"footnotes":""},"categories":[4],"tags":[],"class_list":["post-153","post","type-post","status-publish","format-standard","hentry","category-artiste"],"aioseo_notices":[],"_links":{"self":[{"href":"https:\/\/www.fireboox.fr\/index.php?rest_route=\/wp\/v2\/posts\/153"}],"collection":[{"href":"https:\/\/www.fireboox.fr\/index.php?rest_route=\/wp\/v2\/posts"}],"about":[{"href":"https:\/\/www.fireboox.fr\/index.php?rest_route=\/wp\/v2\/types\/post"}],"author":[{"embeddable":true,"href":"https:\/\/www.fireboox.fr\/index.php?rest_route=\/wp\/v2\/users\/3"}],"replies":[{"embeddable":true,"href":"https:\/\/www.fireboox.fr\/index.php?rest_route=%2Fwp%2Fv2%2Fcomments&post=153"}],"version-history":[{"count":10,"href":"https:\/\/www.fireboox.fr\/index.php?rest_route=\/wp\/v2\/posts\/153\/revisions"}],"predecessor-version":[{"id":162,"href":"https:\/\/www.fireboox.fr\/index.php?rest_route=\/wp\/v2\/posts\/153\/revisions\/162"}],"wp:attachment":[{"href":"https:\/\/www.fireboox.fr\/index.php?rest_route=%2Fwp%2Fv2%2Fmedia&parent=153"}],"wp:term":[{"taxonomy":"category","embeddable":true,"href":"https:\/\/www.fireboox.fr\/index.php?rest_route=%2Fwp%2Fv2%2Fcategories&post=153"},{"taxonomy":"post_tag","embeddable":true,"href":"https:\/\/www.fireboox.fr\/index.php?rest_route=%2Fwp%2Fv2%2Ftags&post=153"}],"curies":[{"name":"wp","href":"https:\/\/api.w.org\/{rel}","templated":true}]}}