{"id":225,"date":"2009-06-12T10:56:24","date_gmt":"2009-06-12T08:56:24","guid":{"rendered":"http:\/\/www.bookbox.fr\/newsite\/?p=225"},"modified":"2009-06-12T11:56:19","modified_gmt":"2009-06-12T09:56:19","slug":"jean-marc-scanreigh","status":"publish","type":"post","link":"https:\/\/www.fireboox.fr\/?p=225","title":{"rendered":"Jean-Marc Scanreigh"},"content":{"rendered":"<p><img loading=\"lazy\" decoding=\"async\" class=\"alignnone size-full wp-image-263\" title=\"Jean Marc Scanreigh\" src=\"http:\/\/www.bookbox.fr\/newsite\/wp-content\/uploads\/2009\/06\/Jean-Marc-Scanreigh.jpg\" alt=\"Jean Marc Scanreigh\" width=\"131\" height=\"150\" \/><br \/>\n<img decoding=\"async\" src=\"file:\/\/\/Users\/invite\/Library\/Caches\/TemporaryItems\/moz-screenshot-1.jpg\" alt=\"\" \/><strong> <\/strong><\/p>\n<h3><span style=\"color: #ff0066;\">Jean-Marc Scanreigh<\/span><\/h3>\n<p><strong>Bo\u00eete &#8220;R\u00e9at&#8221;<\/strong>, <a href=\"http:\/\/www.voixeditions.com\/bookbox.html\">Editions Voix, Elne<\/a>, 2009<br \/>\n20 dessins de 3,2 x 4,8 cm, formant une bande de 99 cm de longueur, pli\u00e9e en accord\u00e9on et log\u00e9e dans une boite d&#8217;allumette Feudor. Mise en couleurs par Richard Meier. Un dessin suppl\u00e9mentaire sert d&#8217;\u00e9tiquette de couverture. Timbre sec de l&#8217;\u00e9diteur. 200 exemplaires.<\/p>\n<p>Je n&#8217;ai jamais perdu de vue Richard Meier. Lui comme moi avons eu tendance \u00e0 migrer vers le Sud. Au mois de mai dernier, nous trinquions ensemble sur le sable des ar\u00e8nes de N\u00eemes \u00e0 l&#8217;occasion d&#8217;une exposition Viallat. Fran\u00e7oise et moi \u00e9tions alors en pleine exhumation de photos pour la monographie en cours de pr\u00e9paration \u2026 et nous en avons trouv\u00e9 une de lui, prise lors d&#8217;une exposition \u00e0 Metz en 1978, son ancien fief.<br \/>\nPour renouer le fil, il me propose de me mettre en bo\u00eete, au sens propre, et la voil\u00e0 la bo\u00eete avec son diable qui en sort. Gr\u00e2ce \u00e0 lui, j&#8217;entre dans le club des cr\u00e9ateurs de petites bo\u00eetes. Petite bo\u00eete mais grand classique, parfait pour commencer en douceur l&#8217;an 9.<\/p>\n","protected":false},"excerpt":{"rendered":"<p>Jean-Marc Scanreigh Bo\u00eete &#8220;R\u00e9at&#8221;, Editions Voix, Elne, 2009 20 dessins de 3,2 x 4,8 cm, formant une bande de 99 cm de longueur, pli\u00e9e en accord\u00e9on et log\u00e9e dans une boite d&#8217;allumette Feudor. Mise en couleurs par Richard Meier. Un dessin suppl\u00e9mentaire sert d&#8217;\u00e9tiquette de couverture. Timbre sec de l&#8217;\u00e9diteur. 200 exemplaires. Je n&#8217;ai jamais [&hellip;]<\/p>\n","protected":false},"author":3,"featured_media":0,"comment_status":"closed","ping_status":"open","sticky":false,"template":"","format":"standard","meta":{"footnotes":""},"categories":[4],"tags":[],"class_list":["post-225","post","type-post","status-publish","format-standard","hentry","category-artiste"],"aioseo_notices":[],"_links":{"self":[{"href":"https:\/\/www.fireboox.fr\/index.php?rest_route=\/wp\/v2\/posts\/225"}],"collection":[{"href":"https:\/\/www.fireboox.fr\/index.php?rest_route=\/wp\/v2\/posts"}],"about":[{"href":"https:\/\/www.fireboox.fr\/index.php?rest_route=\/wp\/v2\/types\/post"}],"author":[{"embeddable":true,"href":"https:\/\/www.fireboox.fr\/index.php?rest_route=\/wp\/v2\/users\/3"}],"replies":[{"embeddable":true,"href":"https:\/\/www.fireboox.fr\/index.php?rest_route=%2Fwp%2Fv2%2Fcomments&post=225"}],"version-history":[{"count":9,"href":"https:\/\/www.fireboox.fr\/index.php?rest_route=\/wp\/v2\/posts\/225\/revisions"}],"predecessor-version":[{"id":228,"href":"https:\/\/www.fireboox.fr\/index.php?rest_route=\/wp\/v2\/posts\/225\/revisions\/228"}],"wp:attachment":[{"href":"https:\/\/www.fireboox.fr\/index.php?rest_route=%2Fwp%2Fv2%2Fmedia&parent=225"}],"wp:term":[{"taxonomy":"category","embeddable":true,"href":"https:\/\/www.fireboox.fr\/index.php?rest_route=%2Fwp%2Fv2%2Fcategories&post=225"},{"taxonomy":"post_tag","embeddable":true,"href":"https:\/\/www.fireboox.fr\/index.php?rest_route=%2Fwp%2Fv2%2Ftags&post=225"}],"curies":[{"name":"wp","href":"https:\/\/api.w.org\/{rel}","templated":true}]}}