{"id":2267,"date":"2014-02-25T19:01:11","date_gmt":"2014-02-25T17:01:11","guid":{"rendered":"http:\/\/www.fireboox.fr\/?p=2267"},"modified":"2014-02-25T19:01:45","modified_gmt":"2014-02-25T17:01:45","slug":"miguel-chevalier","status":"publish","type":"post","link":"https:\/\/www.fireboox.fr\/?p=2267","title":{"rendered":"Miguel Chevalier"},"content":{"rendered":"<p><a href=\"http:\/\/www.fireboox.fr\/wp-content\/uploads\/2014\/02\/miguelchevalier.jpg\"><img loading=\"lazy\" decoding=\"async\" class=\"alignnone size-full wp-image-2268\" title=\"miguelchevalier\" src=\"http:\/\/www.fireboox.fr\/wp-content\/uploads\/2014\/02\/miguelchevalier.jpg\" alt=\"miguelchevalier\" width=\"359\" height=\"480\" srcset=\"https:\/\/www.fireboox.fr\/wp-content\/uploads\/2014\/02\/miguelchevalier.jpg 359w, https:\/\/www.fireboox.fr\/wp-content\/uploads\/2014\/02\/miguelchevalier-224x300.jpg 224w\" sizes=\"(max-width: 359px) 100vw, 359px\" \/><\/a><\/p>\n<div id=\"bio\" style=\"color:#CCCCFF; line-height:19px;font-size:12px;\">\n<p><strong>MIGUEL CHEVALIER <\/strong><\/p>\n<p>Depuis 1978, Miguel Chevalier utilise exclusivement pour langage  plastique les nouveaux moyens que la machine informatique lui autorise.  Il s&#8217;inscrit d\u00e8s lors dans une avant-garde internationale, comme un  pionnier de l&#8217;art virtuel et du num\u00e9rique\u00a0: d\u00e9fricheur de territoires  nouveaux, il s&#8217;est peu \u00e0 peu impos\u00e9 comme l&#8217;un des artistes les plus  marquants de la sc\u00e8ne artistique contemporaine.  L&#8217;\u0153uvre de Miguel Chevalier se r\u00e9v\u00e8le exp\u00e9rimentale et  pluridisciplinaire, prenant ses sources dans l&#8217;histoire de l&#8217;art et  s&#8217;articulant autour de th\u00e9matiques r\u00e9currentes comme la nature et  l&#8217;artifice,\u00a0les flux et les r\u00e9seaux, les villes virtuelles et les  arabesques.  Dans les ann\u00e9es 80, Miguel Chevalier aborde les probl\u00e9matiques de  l&#8217;image hybride, g\u00e9n\u00e9rative\u00a0et interactive.<\/p>\n<p><strong>FORMATION<\/strong><\/p>\n<table border=\"0\" width=\"560px\" align=\"center\">\n<tbody>\n<tr>\n<td>1983<\/td>\n<td width=\"89%\">&#8211; Licenci\u00e9 en art plastique, Universit\u00e9 de Paris Saint-Charles, Paris (FRA)<\/td>\n<\/tr>\n<tr>\n<td>1983<\/td>\n<td>&#8211; Dipl\u00f4m\u00e9 de l&#8217;Ecole Nationale Sup\u00e9rieure des Arts D\u00e9coratifs, Paris (FRA)<\/td>\n<\/tr>\n<tr>\n<td>1983<\/td>\n<td>&#8211; Licenci\u00e9 en art et arch\u00e9ologie, Universit\u00e9 de Paris La Sorbonne, Paris (FRA)<\/td>\n<\/tr>\n<tr>\n<td>1981<\/td>\n<td>&#8211; Dipl\u00f4m\u00e9 de l&#8217;Ecole Nationale Sup\u00e9rieure des Beaux-Arts, Paris (FRA)<\/td>\n<\/tr>\n<\/tbody>\n<\/table>\n<p><strong>BOURSES ET DISTINCTIONS<\/strong><\/p>\n<table border=\"0\" width=\"560px\" align=\"center\">\n<tbody>\n<tr>\n<td>2004<\/td>\n<td width=\"89%\">&#8211; Pensionnaire au Riad Denise Masson, Marrakech (MAR)<\/td>\n<\/tr>\n<tr>\n<td>1993\/94<\/td>\n<td>&#8211; Pensionnaire \u00e0 la Villa Kujoyama, Kyoto (JPN)<\/td>\n<\/tr>\n<tr>\n<td>1991<\/td>\n<td>&#8211; Pensionnaire \u00e0 la Casa Velazquez, Madrid (SPA)<\/td>\n<\/tr>\n<tr>\n<td><\/td>\n<td>&#8211; Atelier au Museo Internacional de Electrografia, Cuenca (SPA)<\/td>\n<\/tr>\n<tr>\n<td>1989<\/td>\n<td>&#8211; Laur\u00e9at de l&#8217;Universit\u00e9 de Musashino, Toyko (JPN)<\/td>\n<\/tr>\n<tr>\n<td>1988<\/td>\n<td>&#8211; Laur\u00e9at de l&#8217;Institut des Hautes Etudes en Arts Plastiques de Paris<\/td>\n<\/tr>\n<tr>\n<td><\/td>\n<td>cr\u00e9\u00e9 par Pontus Hulten, Paris (FRA)<\/td>\n<\/tr>\n<tr>\n<td>1984<\/td>\n<td>&#8211; Bourse Lavoisier, School of Visual Arts of New York (USA)<\/td>\n<\/tr>\n<tr>\n<td>1983<\/td>\n<td>&#8211; Bourse Lavoisier, Pratt Institute, New York (USA)<\/td>\n<\/tr>\n<\/tbody>\n<\/table>\n<p><strong>EXPOSITIONS PERSONNELLES (SELECTION)<\/strong><\/p>\n<table border=\"0\" width=\"560px\" align=\"center\">\n<tbody>\n<tr>\n<td>2013<\/td>\n<\/tr>\n<tr>\n<td><\/td>\n<td width=\"89%\">&#8211; Power Pixels, Pile Pont Expo, Saint-Gervais les Bains (FRA)<\/td>\n<\/tr>\n<tr>\n<td><\/td>\n<td width=\"89%\">&#8211; Power Pixels, Mus\u00e9e en Herbe, Paris (FRA)<\/td>\n<\/tr>\n<tr>\n<td><\/td>\n<td width=\"89%\">&#8211; Fractal Flowers, Ch\u00e2teau de la Cit\u00e9 de Carcassonne\u00a0(FRA)<\/td>\n<\/tr>\n<tr>\n<td><\/td>\n<td width=\"89%\">&#8211; Power Pixels,Wood Street Galleries, Pittsburgh (USA)<\/td>\n<\/tr>\n<tr>\n<td>2012<\/td>\n<\/tr>\n<tr>\n<td><\/td>\n<td width=\"89%\">&#8211; Power Pixels, Festival a-part, Carri\u00e8res de Lumi\u00e8res, Baux-de-Provence (FRA)<\/td>\n<\/tr>\n<tr>\n<td><\/td>\n<td width=\"89%\">&#8211; Power Pixels, Espace d\u2019art contemporain Andr\u00e9 Malraux, Colmar (FRA)<\/td>\n<\/tr>\n<tr>\n<td><\/td>\n<td width=\"89%\">&#8211; Power Pixels, Entrep\u00f4t 9 \/ Galerie Barnoud, Qu\u00e9tigny (FRA)<\/td>\n<\/tr>\n<tr>\n<td><\/td>\n<td width=\"89%\">&#8211; Nuage Fractal, Ch\u00e2teau de Dravert, La Guiche (FRA)<\/td>\n<\/tr>\n<tr>\n<td><\/td>\n<td width=\"89%\">&#8211; La Vague des Pixels, Festival Mai Num\u00e9rique, cour du Ch\u00e2teau Comtal de la cit\u00e9 de Carcassonne (FRA)<\/td>\n<\/tr>\n<tr>\n<td><\/td>\n<td width=\"89%\">&#8211; Rosaces Digitales, Festival Chemins d&#8217;art en Armagnac, Eglise d&#8217;Aurens, Castelnau-sur-Auvignon (FRA)<\/td>\n<\/tr>\n<tr>\n<td>2011<\/td>\n<\/tr>\n<tr>\n<td><\/td>\n<td width=\"89%\">&#8211; Digital Arabesques, Corniche d&#8217;Abou Dabi, avec l&#8217;Alliance Fran\u00e7aise d&#8217;Abou Dabi (AED)<\/td>\n<\/tr>\n<tr>\n<td><\/td>\n<td width=\"89%\">&#8211; Pixels Snow, Forum des Halles, Paris (FRA)<\/td>\n<\/tr>\n<tr>\n<td><\/td>\n<td width=\"89%\">&#8211; Power Pixels, Fondation Oi Futuro, Rio de Janeiro (BRA)<\/td>\n<\/tr>\n<tr>\n<td><\/td>\n<td width=\"89%\">&#8211; Power Pixels, Galerie Priveekollektie, Heusden aan de Maas (NLD)<\/td>\n<\/tr>\n<tr>\n<td><\/td>\n<td width=\"89%\">&#8211; Sur-Natures, Institut fran\u00e7ais de Cologne (GER)<\/td>\n<\/tr>\n<tr>\n<td>2010<\/td>\n<td width=\"89%\">&#8211; De la nature symbolique aux jardins virtuels, Mus\u00e9e Maurice Denis (cat.),<\/td>\n<\/tr>\n<tr>\n<td><\/td>\n<td width=\"89%\">Saint-Germain-en-Laye (FRA)<\/td>\n<\/tr>\n<tr>\n<td><\/td>\n<td width=\"89%\">&#8211; Fractal Flowers in vitro, Sanat Limani, Istanbul (TUR)<\/td>\n<\/tr>\n<tr>\n<td><\/td>\n<td width=\"89%\">&#8211; Pixels Power (cat.), Galerie Antonio Prates, Lisbonne (POR)<\/td>\n<\/tr>\n<tr>\n<td><\/td>\n<td width=\"89%\">&#8211; Terra Incognita (cat.), Mis (Museu da Imagem e do Som), Sao Paulo (BRA)<\/td>\n<\/tr>\n<tr>\n<td><\/td>\n<td width=\"89%\">&#8211; Fractal Flowers Cave  (cat.), carri\u00e8re du Mas de la Pyramide,<\/td>\n<\/tr>\n<tr>\n<td><\/td>\n<td width=\"89%\">Saint-R\u00e9my-de-Provence (FRA)<\/td>\n<\/tr>\n<tr>\n<td><\/td>\n<td width=\"89%\">&#8211; Fractal Flowers, Tri Postal, Lille (FRA)<\/td>\n<\/tr>\n<tr>\n<td><\/td>\n<td width=\"89%\">&#8211; Pixels Snow, La grenette, Grand Bornand (FRA)<\/td>\n<\/tr>\n<tr>\n<td><\/td>\n<td width=\"89%\"><\/td>\n<\/tr>\n<tr>\n<td>2009<\/td>\n<td width=\"89%\">&#8211; Pixels Snow (cat.), Piste des Gettiers, Grand Bornand (FRA)<\/td>\n<\/tr>\n<tr>\n<td><\/td>\n<td width=\"89%\">&#8211; Power Pixels, Galerie Georges Verney Carron, Lyon (FRA)<\/td>\n<\/tr>\n<tr>\n<td><\/td>\n<td width=\"89%\">&#8211; Pixels Liquides, &#8220;Nuit blanche&#8221;, Fnac \/ Forum des Halles, Paris (FRA)<\/td>\n<\/tr>\n<tr>\n<td><\/td>\n<td width=\"89%\">&#8211; Fractal Flowers in vitro, Mus\u00e9e de la Chasse et de la Nature, Paris (FRA)<\/td>\n<\/tr>\n<tr>\n<td><\/td>\n<td width=\"89%\">&#8211; Fractal Flowers, station de m\u00e9tro Galeria, Brasilia (BRA)<\/td>\n<\/tr>\n<tr>\n<td><\/td>\n<td width=\"89%\">&#8211; Segunda Natureza  (cat.), Espa\u00e7o Marcant\u00f4nio Vila\u00e7a, Brasilia (BRA)<\/td>\n<\/tr>\n<tr>\n<td><\/td>\n<td width=\"89%\">&#8211; Fractal Flowers (cat.), iMAL (Center for Digital Cultures and Technology),<\/td>\n<\/tr>\n<tr>\n<td><\/td>\n<td width=\"89%\">Bruxelles (BEL)<\/td>\n<\/tr>\n<tr>\n<td><\/td>\n<td width=\"89%\"><\/td>\n<\/tr>\n<tr>\n<td>2008<\/td>\n<td width=\"89%\">&#8211; Fractal Flowers in vitro, Parvis de la Mairie du 4e, Paris (FRA)<\/td>\n<\/tr>\n<tr>\n<td><\/td>\n<td width=\"89%\">&#8211; Fractal Flowers, Galerie Suzanne Tarasi\u00e8ve, Paris (FRA)<\/td>\n<\/tr>\n<tr>\n<td><\/td>\n<td width=\"89%\">&#8211; Fractal Flowers, &#8220;Designer&#8217;s day&#8221;, Boffi, Paris (FRA)<\/td>\n<\/tr>\n<tr>\n<td><\/td>\n<td width=\"89%\"><\/td>\n<\/tr>\n<tr>\n<td>2007<\/td>\n<td width=\"89%\">&#8211; Ultra-Nature, &#8220;Techfest Mumbai&#8221;, Mumbai (IND)<\/td>\n<\/tr>\n<tr>\n<td><\/td>\n<td width=\"89%\">&#8211; Sur-Natures, b\u00e2timent LCL, Paris (FRA)<\/td>\n<\/tr>\n<tr>\n<td><\/td>\n<td width=\"89%\">&#8211; Paradis Artificiel, Galerie des Galeries Lafayette, Paris (FRA)<\/td>\n<\/tr>\n<tr>\n<td><\/td>\n<td width=\"89%\">&#8211; Crossborders (cat.), Metz (FRA),<\/td>\n<\/tr>\n<tr>\n<td><\/td>\n<td width=\"89%\"><\/td>\n<\/tr>\n<tr>\n<td>2006<\/td>\n<td width=\"89%\">&#8211; Arabesques num\u00e9riques 2, Palais Ksar Char Bagh, Marrakech (MAR)<\/td>\n<\/tr>\n<tr>\n<td><\/td>\n<td width=\"89%\">&#8211; Ultra-Nature, Gallery Sejul, S\u00e9oul (KOR)<\/td>\n<\/tr>\n<tr>\n<td><\/td>\n<td width=\"89%\">&#8211; Supra-Natura, &#8220;Festival Luzboa&#8221;, Lisbonne (POR)<\/td>\n<\/tr>\n<tr>\n<td><\/td>\n<td width=\"89%\">&#8211; RGB Land, Wood Street Galleries, Pittsburgh (USA)<\/td>\n<\/tr>\n<tr>\n<td><\/td>\n<td width=\"89%\"><\/td>\n<\/tr>\n<tr>\n<td>2005<\/td>\n<td width=\"89%\">&#8211; Supra-Natura, &#8220;Festival International de Buenos Aires&#8221;,<\/td>\n<\/tr>\n<tr>\n<td><\/td>\n<td width=\"89%\">Alliance Fran\u00e7aise, Buenos Aires (ARG)<\/td>\n<\/tr>\n<tr>\n<td><\/td>\n<td width=\"89%\">&#8211; Habiter les r\u00e9seaux (Levende Nettverk), Kunstverket Galleri, Oslo (NOR)<\/td>\n<\/tr>\n<tr>\n<td><\/td>\n<td width=\"89%\">&#8211; Sur-Natures in vitro, Centre Georges Pompidou, Paris<\/td>\n<\/tr>\n<tr>\n<td><\/td>\n<td width=\"89%\">&#8211; Livre de la vie de Rafik Hariri, &#8220;Biel expo&#8221;, Beyrouth (LBN)<\/td>\n<\/tr>\n<tr>\n<td><\/td>\n<td width=\"89%\"><\/td>\n<\/tr>\n<tr>\n<td>2004<\/td>\n<td width=\"89%\">&#8211; M\u00e9tacit\u00e9s (cat.), galerie Suzanne Tarasi\u00e8ve, Paris (FRA)<\/td>\n<\/tr>\n<tr>\n<td><\/td>\n<td width=\"89%\">&#8211; Ultra-Nature, m\u00e9tro Central Station, Mus\u00e9e d&#8217;art Moderne Astrup Fearnley, Oslo (NOR)<\/td>\n<\/tr>\n<tr>\n<td><\/td>\n<td width=\"89%\"><\/td>\n<\/tr>\n<tr>\n<td>2003<\/td>\n<td width=\"89%\">&#8211; La Crois\u00e9e des R\u00e9seaux, &#8220;Nuit blanche&#8221;, Bourse de Commerce,<\/td>\n<\/tr>\n<tr>\n<td><\/td>\n<td width=\"89%\">Paris (FRA)<\/td>\n<\/tr>\n<tr>\n<td><\/td>\n<td width=\"89%\">&#8211; Tisser les r\u00e9seaux, &#8220;F\u00eate des lumi\u00e8res&#8221;, Cit\u00e9 Internationale, Lyon (FRA)<\/td>\n<\/tr>\n<tr>\n<td><\/td>\n<td width=\"89%\"><\/td>\n<\/tr>\n<tr>\n<td>2002<\/td>\n<td width=\"89%\">&#8211; M\u00e9tapolis, MARCO, Museo de arte contemporaneo, Monterrey (MEX)<\/td>\n<\/tr>\n<tr>\n<td><\/td>\n<td width=\"89%\"><\/td>\n<\/tr>\n<tr>\n<td>2000<\/td>\n<td width=\"89%\">&#8211; P\u00e9riph\u00e9rie,  MAMCO, Gen\u00e8ve (CHE)<\/td>\n<\/tr>\n<tr>\n<td><\/td>\n<td width=\"89%\">&#8211; Digital World, Espace Paul Ricard, Paris (FRA)<\/td>\n<\/tr>\n<tr>\n<td><\/td>\n<td width=\"89%\"><\/td>\n<\/tr>\n<tr>\n<td>1999<\/td>\n<td width=\"89%\">&#8211; Croissances &amp; Mutations, Espace Landowski, Boulogne-Billancourt (FRA)<\/td>\n<\/tr>\n<tr>\n<td><\/td>\n<td width=\"89%\"><\/td>\n<\/tr>\n<tr>\n<td>1998<\/td>\n<td width=\"89%\">&#8211; P\u00e9riph\u00e9rie,  Espace Pierre Cardin, Paris (FRA)<\/td>\n<\/tr>\n<tr>\n<td><\/td>\n<td width=\"89%\"><\/td>\n<\/tr>\n<tr>\n<td>1996<\/td>\n<td width=\"89%\">&#8211; Oro negro (cat.), Museo de arte Alvar y Carmen T. de Carrillo Gil,<\/td>\n<\/tr>\n<tr>\n<td><\/td>\n<td width=\"89%\">Mexico (MEX)<\/td>\n<\/tr>\n<tr>\n<td><\/td>\n<td width=\"89%\"><\/td>\n<\/tr>\n<tr>\n<td>1994<\/td>\n<td width=\"89%\">&#8211; Oro negro (cat.), Museo de arte universidad nacional de Colombia,<\/td>\n<\/tr>\n<tr>\n<td><\/td>\n<td width=\"89%\">Bogota (COL)<\/td>\n<\/tr>\n<tr>\n<td><\/td>\n<td width=\"89%\">&#8211; Contre nature, Villa Kujoyama, Kyoto (JPN)<\/td>\n<\/tr>\n<tr>\n<td><\/td>\n<td width=\"89%\"><\/td>\n<\/tr>\n<tr>\n<td height=\"16\">1992<\/td>\n<td width=\"89%\">&#8211; Performances, &#8220;Jeux olympiques d&#8217;hiver,&#8221; Albertville (FRA)<\/td>\n<\/tr>\n<tr>\n<td><\/td>\n<td width=\"89%\">&#8211; Performances, &#8220;Jeux olympiques d&#8217;\u00e9t\u00e9&#8221;, Barcelone (ESP)<\/td>\n<\/tr>\n<tr>\n<td><\/td>\n<td width=\"89%\">&#8211; La rencontre des deux mondes, Casa de Velazquez, Madrid (ESP)<\/td>\n<\/tr>\n<tr>\n<td><\/td>\n<td width=\"89%\"><\/td>\n<\/tr>\n<tr>\n<td>1987<\/td>\n<td width=\"89%\">&#8211; Baroque &amp; classique,  Granit Centre d&#8217;art contemporain, Belfort (FRA)<\/td>\n<\/tr>\n<tr>\n<td><\/td>\n<td width=\"89%\"><\/td>\n<\/tr>\n<\/tbody>\n<\/table>\n<p><strong>EXPOSITIONS DE GROUPE<\/strong><\/p>\n<table border=\"0\" width=\"560px\" align=\"center\">\n<tbody>\n<tr>\n<td>2013<\/td>\n<\/tr>\n<tr>\n<td><\/td>\n<td width=\"89%\">&#8211; Les M\u00e9tamorphoses du Virtuel, 100 ans d\u2019art et de libert\u00e9, Officina delle Zattere, Venise (ITA)<\/td>\n<\/tr>\n<tr>\n<td><\/td>\n<td width=\"89%\">&#8211; Lib\u00e9rons la fleur ! Galerie Martine et Thibault de la Ch\u00e2tre, Paris (FRA)<\/td>\n<\/tr>\n<tr>\n<td><\/td>\n<td width=\"89%\">&#8211; Retrospective Auguste Herbin, Mus\u00e9e d&#8217;art Moderne, C\u00e9ret (FRA)<\/td>\n<\/tr>\n<tr>\n<td><\/td>\n<td width=\"89%\">&#8211; Bijoux d&#8217;Hommes, Galerie MiniMasterpiece, Paris (FRA)<\/td>\n<\/tr>\n<tr>\n<td><\/td>\n<td width=\"89%\">&#8211; Turbulences II, Fondation Boghossian \u2013 Villa Empain, Bruxelles (BEL)<\/td>\n<\/tr>\n<tr>\n<td>2012<\/td>\n<\/tr>\n<tr>\n<td><\/td>\n<td width=\"89%\">&#8211; Retrospective Auguste Herbin, Mus\u00e9e d\u00e9partemental Matisse, Cateau Cambr\u00e9sis (FRA)<\/td>\n<\/tr>\n<tr>\n<td><\/td>\n<td width=\"89%\">&#8211; Mouvement et lumi\u00e8re, Villa Datris, L&#8217;Isle-sur-la-Sorgue (FRA)<\/td>\n<\/tr>\n<tr>\n<td><\/td>\n<td width=\"89%\">&#8211; Turbulences, Espace culturel Louis Vuitton, Paris<\/td>\n<\/tr>\n<tr>\n<td><\/td>\n<td width=\"89%\">&#8211; La peur de la couleur, Galerie Perimeter, Paris<\/td>\n<\/tr>\n<tr>\n<td><\/td>\n<td width=\"89%\">&#8211; PAD Paris, avec la Galerie Perimeter et la Galerie Priveekollektie, Jardin des Tuileries, Paris (FRA)<\/td>\n<\/tr>\n<tr>\n<td><\/td>\n<td width=\"89%\">&#8211; Picasso to Koons: Artist as Jeweler (cat.), Benaki Museum, Ath\u00e8nes (GRE)<\/td>\n<\/tr>\n<tr>\n<td><\/td>\n<td width=\"89%\">&#8211; Salon du livre, avec les Editions Arichi, Paris (FRA)<\/td>\n<\/tr>\n<tr>\n<td>2011<\/td>\n<\/tr>\n<tr>\n<td><\/td>\n<td width=\"89%\">&#8211; Art Miami, avec la galerie Priveekollektie (NLD), Miami (USA)<\/td>\n<\/tr>\n<tr>\n<td><\/td>\n<td width=\"89%\">&#8211; Festival La Novela, Mus\u00e9e des Abattoirs, Toulouse (FRA)<\/td>\n<\/tr>\n<tr>\n<td><\/td>\n<td width=\"89%\">&#8211; Picasso to Koons: The Artist as Jeweler, Museum of Art and Design, New-York (USA)<\/td>\n<\/tr>\n<tr>\n<td><\/td>\n<td width=\"89%\">&#8211; Festival AP&#8217;art, Domaine de Pierredon, Saint-R\u00e9my-de-Provence (FRA)<\/td>\n<\/tr>\n<tr>\n<td><\/td>\n<td width=\"89%\">&#8211; Drawing Now Paris l Suite&#8230;, Paris (FRA)<\/td>\n<\/tr>\n<tr>\n<td>2010<\/td>\n<td width=\"89%\">&#8211; More Light! Miguel Chevalier and Dieter Lutsch, Association for Culture<\/td>\n<\/tr>\n<tr>\n<td><\/td>\n<td width=\"89%\">and Education \tKIBLA, Maribor (SNV)<\/td>\n<\/tr>\n<tr>\n<td><\/td>\n<td width=\"89%\">&#8211; Living Codes (cat.), PaciArte contemporary, Brescia (ITA)<\/td>\n<\/tr>\n<tr>\n<td><\/td>\n<td width=\"89%\">&#8211; A Light Odyssey, Galerie Messine, Paris (FRA)<\/td>\n<\/tr>\n<tr>\n<td><\/td>\n<td width=\"89%\">&#8211; Le grand Pari(s) de l&#8217;art contemporain  (cat.), Abbaye de Maubuisson,<\/td>\n<\/tr>\n<tr>\n<td><\/td>\n<td width=\"89%\">Saint-Ouen-l&#8217;Aum\u00f4ne (FRA)<\/td>\n<\/tr>\n<tr>\n<td><\/td>\n<td width=\"89%\">&#8211; Digital Nights, Singapore Art Museum, Singapore (SGP)<\/td>\n<\/tr>\n<tr>\n<td><\/td>\n<td width=\"89%\">&#8211; Manimal, Mus\u00e9e d&#8217;art contemporain d&#8217;Herzliya, Herzliya (ISR)<\/td>\n<\/tr>\n<tr>\n<td><\/td>\n<td width=\"89%\">&#8211; Hold the line, Galerie Seine 51, Paris (FRA)<\/td>\n<\/tr>\n<tr>\n<td><\/td>\n<td width=\"89%\">&#8211; G\u00e9om\u00e9trie hors limites. Collection Jean et Colette Cherqui  (cat.),<\/td>\n<\/tr>\n<tr>\n<td><\/td>\n<td width=\"89%\">Maison de l&#8217;Am\u00e9rique Latine, Paris (FRA)<\/td>\n<\/tr>\n<tr>\n<td><\/td>\n<td width=\"89%\"><\/td>\n<\/tr>\n<tr>\n<td>2009<\/td>\n<td width=\"89%\">&#8211; Dialogue avec les collections #2 &#8211; paysage\/vid\u00e9o (cat.),<\/td>\n<\/tr>\n<tr>\n<td><\/td>\n<td width=\"89%\">Mus\u00e9e d&#8217;Art de Toulon (FRA)<\/td>\n<\/tr>\n<tr>\n<td><\/td>\n<td width=\"89%\">&#8211; Inside, art and science (cat.), Cordoaria, Lisbonne (POR)<\/td>\n<\/tr>\n<tr>\n<td><\/td>\n<td width=\"89%\">&#8211; Herbarius 2059  (cat.), Salon international du livre Ancien, Grand Palais,<\/td>\n<\/tr>\n<tr>\n<td><\/td>\n<td width=\"89%\">Paris (FRA)<\/td>\n<\/tr>\n<tr>\n<td><\/td>\n<td width=\"89%\">&#8211; On a march\u00e9 sur la terre, Centre d&#8217;art de l&#8217;Yonne,<\/td>\n<\/tr>\n<tr>\n<td><\/td>\n<td width=\"89%\">Commun du ch\u00e2teau de Tanlay (FRA)<\/td>\n<\/tr>\n<tr>\n<td><\/td>\n<td width=\"89%\">&#8211; Flower Power, Centre d&#8217;art Villa Giulia \/ CRAA<\/td>\n<\/tr>\n<tr>\n<td><\/td>\n<td width=\"89%\">Centre Recherche Art Actuelle, Verbania (ITA)<\/td>\n<\/tr>\n<tr>\n<td><\/td>\n<td width=\"89%\"><\/td>\n<\/tr>\n<tr>\n<td>2008<\/td>\n<td width=\"89%\">&#8211; \tUltra-Natures, Emo\u00e7\u00e3o Art.ficial 4.0, Centro Cultural Ita\u00fa, S\u00e3o Paulo (BRA)<\/td>\n<\/tr>\n<tr>\n<td><\/td>\n<td width=\"89%\">&#8211; Pixels Liquides, installation interactive Festival des Bains Num\u00e9riques #3,<\/td>\n<\/tr>\n<tr>\n<td><\/td>\n<td width=\"89%\">Centre des arts d&#8217;Enghien-les-Bains (FRA)<\/td>\n<\/tr>\n<tr>\n<td><\/td>\n<td width=\"89%\"><\/td>\n<\/tr>\n<tr>\n<td>2007<\/td>\n<td width=\"89%\">&#8211; Ultra Nature,  Glow Festival\u00a0: forum of light in art and architecture,<\/td>\n<\/tr>\n<tr>\n<td><\/td>\n<td width=\"89%\">Eindhoven (NLD)<\/td>\n<\/tr>\n<tr>\n<td><\/td>\n<td width=\"89%\"><\/td>\n<\/tr>\n<tr>\n<td>2006<\/td>\n<td width=\"89%\">&#8211; Art and playing &#8211; Funsters, Seoul Arts Center, Seoul (KOR)<\/td>\n<\/tr>\n<tr>\n<td><\/td>\n<td width=\"89%\"><\/td>\n<\/tr>\n<tr>\n<td>2005<\/td>\n<td width=\"89%\">&#8211; Digital Paradise (cat.), Daejeon Museum of Art Gallery, Daejeon (KOR)<\/td>\n<\/tr>\n<tr>\n<td><\/td>\n<td width=\"89%\"><\/td>\n<\/tr>\n<tr>\n<td>2003<\/td>\n<td width=\"89%\">&#8211; Space Art, festival d&#8217;art num\u00e9rique Outsiders 2003,<\/td>\n<\/tr>\n<tr>\n<td><\/td>\n<td width=\"89%\">Maison Europ\u00e9enne de la Photographie, Paris (FRA)<\/td>\n<\/tr>\n<tr>\n<td><\/td>\n<td width=\"89%\"><\/td>\n<\/tr>\n<tr>\n<td>2000<\/td>\n<td width=\"89%\">&#8211; Les 100 sourires de Monna Lisa (cat.), Metropolitan Art Museum, Tokyo (JPN)<\/td>\n<\/tr>\n<tr>\n<td><\/td>\n<td width=\"89%\">&#8211; L&#8217;invention du monde, Centre Georges Pompidou, Paris (FRA)<\/td>\n<\/tr>\n<tr>\n<td><\/td>\n<td width=\"89%\"><\/td>\n<\/tr>\n<tr>\n<td>1999<\/td>\n<td width=\"89%\">&#8211; Virtuel R\u00e9el, Espace Paul Ricard, Paris (FRA)<\/td>\n<\/tr>\n<tr>\n<td><\/td>\n<td width=\"89%\"><\/td>\n<\/tr>\n<tr>\n<td>1998<\/td>\n<td width=\"89%\">&#8211; Zoom (fractal) (cat.), Visual arts gallery at Purchase college<\/td>\n<\/tr>\n<tr>\n<td><\/td>\n<td width=\"89%\">State University, New York (USA)<\/td>\n<\/tr>\n<tr>\n<td><\/td>\n<td width=\"89%\">&#8211; \t80 artistes autour du Mondial (cat.), Galerie Enrico Navarra, Paris (FRA)<\/td>\n<\/tr>\n<tr>\n<td><\/td>\n<td width=\"89%\">&#8211; F\u00e9tiches, f\u00e9tichismes (cat.), Passage de Retz, Paris (FRA)<\/td>\n<\/tr>\n<tr>\n<td><\/td>\n<td width=\"89%\">&#8211; Festival Vid\u00e9oformes 98, Clermont-Ferrand (FRA)<\/td>\n<\/tr>\n<tr>\n<td><\/td>\n<td width=\"89%\"><\/td>\n<\/tr>\n<tr>\n<td>1997<\/td>\n<td width=\"89%\">&#8211; Magie der zahl (cat.), Staatsgalerie, Stuttgart (DEU)<\/td>\n<\/tr>\n<tr>\n<td><\/td>\n<td width=\"89%\"><\/td>\n<\/tr>\n<tr>\n<td>1996<\/td>\n<td width=\"89%\">&#8211; La Ville moderne en Europe 1870\/1996, Museum of contemporary art,<\/td>\n<\/tr>\n<tr>\n<td><\/td>\n<td width=\"89%\">Tokyo (JPN)<\/td>\n<\/tr>\n<tr>\n<td><\/td>\n<td width=\"89%\">&#8211; La Ville, centre George Pompidou, Paris (FRA)<\/td>\n<\/tr>\n<tr>\n<td><\/td>\n<td width=\"89%\"><\/td>\n<\/tr>\n<tr>\n<td>1993<\/td>\n<td width=\"89%\">&#8211; Excess in the techno-mediacratic society, Shoshana Wayne Gallery,<\/td>\n<\/tr>\n<tr>\n<td><\/td>\n<td width=\"89%\">Santa Monica (USA)<\/td>\n<\/tr>\n<tr>\n<td><\/td>\n<td width=\"89%\"><\/td>\n<\/tr>\n<tr>\n<td>1992<\/td>\n<td width=\"89%\">&#8211; Variations Gitanes (cat.), Grande Halle de la Villette, Paris (FRA)<\/td>\n<\/tr>\n<tr>\n<td><\/td>\n<td width=\"89%\"><\/td>\n<\/tr>\n<tr>\n<td>1990<\/td>\n<td width=\"89%\">&#8211; Art &amp; publicit\u00e9 1890\/1990 (cat.), Centre Georges Pompidou, Paris (FRA)<\/td>\n<\/tr>\n<tr>\n<td><\/td>\n<td width=\"89%\"><\/td>\n<\/tr>\n<tr>\n<td>1988<\/td>\n<td width=\"89%\">&#8211; Ateliers 88 (cat.), ARC Mus\u00e9e d&#8217;art moderne de la Ville, Paris (FRA)<\/td>\n<\/tr>\n<tr>\n<td><\/td>\n<td width=\"89%\"><\/td>\n<\/tr>\n<tr>\n<td>1986<\/td>\n<td width=\"89%\">&#8211; Trans-culture, Exit art gallery, New York (USA)<\/td>\n<\/tr>\n<tr>\n<td><\/td>\n<td width=\"89%\"><\/td>\n<td><\/td>\n<\/tr>\n<\/tbody>\n<\/table>\n<p><strong>REALISATIONS ARCHITECTURALES ET COMMANDES PUBLIQUES<\/strong><\/p>\n<table border=\"0\" width=\"560px\" align=\"center\">\n<tbody>\n<tr>\n<td>2010<\/td>\n<td width=\"89%\">&#8211; Seconde Nature, Place d&#8217;Arvieux, Marseille (FRA)<\/td>\n<\/tr>\n<tr>\n<td><\/td>\n<td width=\"89%\">\u0152uvre m\u00ealant r\u00e9el et virtuel, constitu\u00e9e d&#8217;une sculpture de 18 m de haut<\/td>\n<\/tr>\n<tr>\n<td><\/td>\n<td width=\"89%\">et d&#8217;un jardin virtuel projet\u00e9 depuis la sculpture sur les Docks<\/td>\n<\/tr>\n<tr>\n<td><\/td>\n<td width=\"89%\"><\/td>\n<\/tr>\n<tr>\n<td>2008<\/td>\n<td width=\"89%\">&#8211; Fractal Flowers, rivi\u00e8re Cheonggyecheonno, S\u00e9oul (KOR)<\/td>\n<\/tr>\n<tr>\n<td><\/td>\n<td width=\"89%\"><\/td>\n<\/tr>\n<tr>\n<td>2007<\/td>\n<td width=\"89%\">&#8211; Ribbons of life r\u00e9alisations de plusieurs sculptures monumentales<\/td>\n<\/tr>\n<tr>\n<td><\/td>\n<td width=\"89%\">en corian\u00a9 m\u00e9langeant r\u00e9el et virtuel avec le designer Arik Levy,<\/td>\n<\/tr>\n<tr>\n<td><\/td>\n<td width=\"89%\">Emmanuel Berriet (logiciel) et Music2eye (logiciel), pour le paquebot Liberty<\/td>\n<\/tr>\n<tr>\n<td><\/td>\n<td width=\"89%\">of the Sea de RCCL (USA)<\/td>\n<\/tr>\n<tr>\n<td><\/td>\n<td width=\"89%\">&#8211; La passerelle des pixels, r\u00e9alisation d&#8217;une \u0153uvre in situ en films<\/td>\n<\/tr>\n<tr>\n<td><\/td>\n<td width=\"89%\">holographiques, H\u00f4pital\/maternit\u00e9 Trousseau, Paris (FRA),<\/td>\n<\/tr>\n<tr>\n<td><\/td>\n<td width=\"89%\">architecte Israel et Grimaud<\/td>\n<\/tr>\n<tr>\n<td><\/td>\n<td width=\"89%\"><\/td>\n<\/tr>\n<tr>\n<td>2006<\/td>\n<td width=\"89%\">&#8211; Mosa\u00efque Unicef, r\u00e9alisation d&#8217;une installation de r\u00e9alit\u00e9 virtuelle interactive<\/td>\n<\/tr>\n<tr>\n<td><\/td>\n<td width=\"89%\">dans le hall d&#8217;entr\u00e9e du si\u00e8ge de l&#8217;UNICEF \u00e0 New York (USA)<\/td>\n<\/tr>\n<tr>\n<td><\/td>\n<td width=\"89%\"><\/td>\n<\/tr>\n<tr>\n<td>2004<\/td>\n<td width=\"89%\">&#8211; R\u00e9alisation de deux panneaux en verre et film holographique de 10 x 3 m<\/td>\n<\/tr>\n<tr>\n<td><\/td>\n<td width=\"89%\">sur la fa\u00e7ade de la biblioth\u00e8que des sciences et techniques de Talence (FRA)<\/td>\n<\/tr>\n<tr>\n<td><\/td>\n<td width=\"89%\"><\/td>\n<\/tr>\n<tr>\n<td>2003<\/td>\n<td width=\"89%\">&#8211; Sculptures laser sur verre, troph\u00e9e pour le Prix du Forum des Sciences<\/td>\n<\/tr>\n<tr>\n<td><\/td>\n<td width=\"89%\">et Techniques du Conseil G\u00e9n\u00e9ral du Val de Marne (FRA)<\/td>\n<\/tr>\n<tr>\n<td><\/td>\n<td width=\"89%\"><\/td>\n<\/tr>\n<tr>\n<td>2001<\/td>\n<td width=\"89%\">&#8211; Laur\u00e9at avec le cabinet Stoa du concours pour l&#8217;am\u00e9nagement<\/td>\n<\/tr>\n<tr>\n<td><\/td>\n<td width=\"89%\">de la place Arvieux \u00e0 Marseille (FRA), Nuage Fractal, projet de sculpure<\/td>\n<\/tr>\n<tr>\n<td><\/td>\n<td>monumentale en tensegrit\u00e9<\/td>\n<\/tr>\n<tr>\n<td><\/td>\n<td><\/td>\n<\/tr>\n<tr>\n<td>2000<\/td>\n<td>&#8211; Habiter les r\u00e9seaux, \u0153uvre monumentale interactive de 112 m2 en films<\/td>\n<\/tr>\n<tr>\n<td><\/td>\n<td>holographiques, incrust\u00e9 de 24 000 leds lumineuses et  de journaux<\/td>\n<\/tr>\n<tr>\n<td><\/td>\n<td>\u00e9lectroniques, hall d&#8217;entr\u00e9e du Palais des Congr\u00e8s de la Porte Maillot,<\/td>\n<\/tr>\n<tr>\n<td><\/td>\n<td>architecte Christian de Portzamparc, Paris (FRA)<\/td>\n<\/tr>\n<tr>\n<td><\/td>\n<td><\/td>\n<\/tr>\n<tr>\n<td>1999<\/td>\n<td>&#8211; La baie des anges, projection permanente la nuit dans le jardin<\/td>\n<\/tr>\n<tr>\n<td><\/td>\n<td>de l&#8217;H\u00f4tel \tWindsor, Nice (FRA)<\/td>\n<\/tr>\n<tr>\n<td><\/td>\n<td><\/td>\n<\/tr>\n<tr>\n<td>1998<\/td>\n<td>&#8211; Pi\u00e8ce de 10 m2 en films holographiques pour le Commissariat de Nemours<\/td>\n<\/tr>\n<tr>\n<td><\/td>\n<td>(FRA), Cabinet Argile architectes, architecte H\u00e9l\u00e8ne Sanyas<\/td>\n<\/tr>\n<tr>\n<td><\/td>\n<td><\/td>\n<\/tr>\n<tr>\n<td>1995<\/td>\n<td>&#8211; Deux pi\u00e8ces de 10 m2 chacune, en cuivre pour le Fort de Bayonne (FRA),<\/td>\n<\/tr>\n<tr>\n<td><\/td>\n<td>architectes Camborde et Lamaison<\/td>\n<\/tr>\n<tr>\n<td><\/td>\n<td><\/td>\n<\/tr>\n<tr>\n<td>1992<\/td>\n<td>&#8211; Massivement parall\u00e8le, Pi\u00e8ce de 20 m2 en Duratrans\u00a9 et Plexiglas\u00a9<\/td>\n<\/tr>\n<tr>\n<td><\/td>\n<td>pour le nouveau Centre des imp\u00f4ts, Marseille (FRA), architecte Claude Vasconi<\/td>\n<\/tr>\n<tr>\n<td><\/td>\n<td><\/td>\n<\/tr>\n<tr>\n<td>1989<\/td>\n<td>&#8211; Pi\u00e8ce de 144 m2 en Duratrans\u00a9 et Plexiglas\u00a9 pour le Mus\u00e9e de la mer,<\/td>\n<\/tr>\n<tr>\n<td><\/td>\n<td>Boulogne (FRA), architectes Rougerie et Leconte<\/td>\n<\/tr>\n<tr>\n<td><\/td>\n<td><\/td>\n<\/tr>\n<tr>\n<td>1987<\/td>\n<td>Pi\u00e8ce de 36 m2 en t\u00f4le \u00e9maill\u00e9e pour le gymnase de la Z.A.C., Paris XIIe<\/td>\n<\/tr>\n<tr>\n<td><\/td>\n<td>arrondissement (FRA), architecte Pierre Menninger<\/td>\n<\/tr>\n<tr>\n<td><\/td>\n<td width=\"89%\"><\/td>\n<\/tr>\n<tr>\n<td><\/td>\n<\/tr>\n<\/tbody>\n<\/table>\n<p><strong>COLLECTIONS <\/strong><\/p>\n<table border=\"0\" width=\"560px\" align=\"center\">\n<tbody>\n<tr>\n<td><\/td>\n<td width=\"89%\">&#8211; Mus\u00e9e d&#8217;art moderne de la Ville, Paris (FRA)<\/td>\n<\/tr>\n<tr>\n<td><\/td>\n<td>&#8211; Biblioth\u00e8que nationale, Paris (FRA)<\/td>\n<\/tr>\n<tr>\n<td><\/td>\n<td>&#8211; Mus\u00e9e-galerie de la Seita, Paris (FRA)<\/td>\n<\/tr>\n<tr>\n<td><\/td>\n<td>&#8211; Mus\u00e9e d&#8217;art et d&#8217;histoire, Belfort (FRA)<\/td>\n<\/tr>\n<tr>\n<td><\/td>\n<td>&#8211; Mus\u00e9e des ann\u00e9es 30, Boulogne-Billancourt (FRA)<\/td>\n<\/tr>\n<tr>\n<td><\/td>\n<td>&#8211; Centre d&#8217;art contemporain, Br\u00e9tigny-sur-Orge (FRA)<\/td>\n<\/tr>\n<tr>\n<td><\/td>\n<td>&#8211; MAC\/VAL, mus\u00e9e d&#8217;art contemporain du Val-de-Marne, Vitry-sur-Seine (FRA)<\/td>\n<\/tr>\n<tr>\n<td><\/td>\n<td>&#8211; FDAC Val-de-Marne, Cr\u00e9teil (FRA)<\/td>\n<\/tr>\n<tr>\n<td><\/td>\n<td>&#8211; Fondation Hewlett Packard, Lyon (FRA)<\/td>\n<\/tr>\n<tr>\n<td><\/td>\n<td>&#8211; Fondation d&#8217;art General Motors, Paris (FRA)<\/td>\n<\/tr>\n<tr>\n<td><\/td>\n<td>&#8211; Fondation BSN, Paris (FRA)<\/td>\n<\/tr>\n<tr>\n<td><\/td>\n<td>&#8211; Fondation Nina Ricci, Paris (FRA)<\/td>\n<\/tr>\n<tr>\n<td><\/td>\n<td>&#8211; Ch\u00e2teau Pichon Longueville Comtesse Lalande, Pauillac (FRA)<\/td>\n<\/tr>\n<tr>\n<td><\/td>\n<td>&#8211; Deloitte &amp; Touche, Neuilly-sur-Seine (FRA)<\/td>\n<\/tr>\n<tr>\n<td><\/td>\n<td>&#8211; Michelin, Collection Bibendum, Paris (FRA)<\/td>\n<\/tr>\n<tr>\n<td><\/td>\n<td>&#8211; Fundaci\u00f3n arte y tecnologia Telefonica de Espa\u00f1a, Madrid (ESP)<\/td>\n<\/tr>\n<tr>\n<td><\/td>\n<td>&#8211; Visa Foundation, London (GBR)<\/td>\n<\/tr>\n<tr>\n<td><\/td>\n<td>&#8211; Museo de arte Alvar y Carmen T. de Carrillo Gil, Mexico (MEX)<\/td>\n<\/tr>\n<tr>\n<td><\/td>\n<td>&#8211; Museo de artes visuales Alejandro Otero, Caracas (VEN)<\/td>\n<\/tr>\n<tr>\n<td><\/td>\n<td>&#8211; Museo de bellas artes, Maracaibo (VEN)<\/td>\n<\/tr>\n<tr>\n<td><\/td>\n<td>&#8211; Royal Caribbean Cruce line, Miami (USA)<\/td>\n<\/tr>\n<tr>\n<td><\/td>\n<td>&#8211; Centre Culturel Itau, S\u00e3o Paulo (BRE)<\/td>\n<\/tr>\n<tr>\n<td><\/td>\n<td>&#8211; Mus\u00e9e de la poste, Paris (FRA)<\/td>\n<\/tr>\n<tr>\n<td><\/td>\n<td>&#8211; Digital Art International  (FRA)<\/td>\n<\/tr>\n<\/tbody>\n<\/table>\n<p><strong>CATALOGUES MONOGRAPHIQUES<\/strong><\/p>\n<table border=\"0\" width=\"560px\" align=\"center\">\n<tbody>\n<tr>\n<td>2010<\/td>\n<td width=\"89%\">&#8211; Pixels Power 2009, \u00e0 l&#8217;occasion de l&#8217;exposition Pixels Power<\/td>\n<\/tr>\n<tr>\n<td><\/td>\n<td>\u00e0 la galerie Antonio Prates, Lisbonne (POR). Texte de Miguel Matos<\/td>\n<\/tr>\n<tr>\n<td>2009<\/td>\n<td>&#8211; Segunda Natureza 2009, \u00e0 l&#8217;occasion de l&#8217;exposition Segunda Natureza<\/td>\n<\/tr>\n<tr>\n<td><\/td>\n<td>\u00e0 l&#8217;Espa\u00e7o Marcant\u00f4nio Vila\u00e7a, Brasilia (BRE). Entretien de Suzete Venturelli<\/td>\n<\/tr>\n<tr>\n<td><\/td>\n<td>&#8211; Herbarius 2059, \u00e0 l&#8217;occasion du Salon du livre ancien, Grand Palais,<\/td>\n<\/tr>\n<tr>\n<td><\/td>\n<td>juin 2009, Ed. Rhinoc\u00e9ros, Paris (FRA)<\/td>\n<\/tr>\n<tr>\n<td><\/td>\n<td>&#8211; Fractal Flowers 2009, \u00e0 l&#8217;occasion de l&#8217;exposition au Centre d&#8217;art iMALl,<\/td>\n<\/tr>\n<tr>\n<td><\/td>\n<td>Bruxelles (BE). Textes de Pierre Yves Desaive et Cemren Altan<\/td>\n<\/tr>\n<tr>\n<td>2008<\/td>\n<td>&#8211; Miguel Chevalier, 2000\/2008, essais de Mario Costa, Edmond Couchot,<\/td>\n<\/tr>\n<tr>\n<td><\/td>\n<td>Gunnar B. Kvaran, Ariella Masboungi, Mohamed Rachdi, Ed. Monografik<\/td>\n<\/tr>\n<tr>\n<td><\/td>\n<td>Editions, Blou (FRA)<\/td>\n<\/tr>\n<tr>\n<td>2007<\/td>\n<td>&#8211; Seconde nature, interview de Henri-Fran\u00e7ois Debailleux,<\/td>\n<\/tr>\n<tr>\n<td><\/td>\n<td>Ed. Mairie de Trelaz\u00e9 (FRA)<\/td>\n<\/tr>\n<tr>\n<td>2005<\/td>\n<td>&#8211; Arabesques Num\u00e9riques, texte de Manuela de Barros, Ed. Institut Fran\u00e7ais<\/td>\n<\/tr>\n<tr>\n<td><\/td>\n<td>de Marrakech, Marrakech (MAR)<\/td>\n<\/tr>\n<tr>\n<td>2004<\/td>\n<td>&#8211; Paradis artificiels, texte de Fran\u00e7oise Gaillard, Ed. Galerie Municipale<\/td>\n<\/tr>\n<tr>\n<td><\/td>\n<td>de Vitry-sur-Seine (FRA)<\/td>\n<\/tr>\n<tr>\n<td>2001<\/td>\n<td>&#8211; Autres Natures, Norbert Hillaire, Ed. Centre d&#8217;Art Modene<\/td>\n<\/tr>\n<tr>\n<td><\/td>\n<td>Espace Mira Phalaina, Maison Populaire, Montreui-sous-Boisl (FRA)<\/td>\n<\/tr>\n<tr>\n<td>2000<\/td>\n<td>&#8211; Miguel Chevalier, pr\u00e9face de Pierre Restany, texte de<\/td>\n<\/tr>\n<tr>\n<td><\/td>\n<td>Laurence Bertrand Dorl\u00e9ac, interview avec Patrick Imbard, Ed. Flammarion,<\/td>\n<\/tr>\n<tr>\n<td><\/td>\n<td>Paris (FRA)<\/td>\n<\/tr>\n<tr>\n<td><\/td>\n<td>&#8211; \tMiguel Chevalier, CD-Rom int\u00e9ractf, 1000 ex., textes de<\/td>\n<\/tr>\n<tr>\n<td><\/td>\n<td>Christine Buci-Glucksman, Paris (FRA)<\/td>\n<\/tr>\n<tr>\n<td>1996<\/td>\n<td>&#8211; Miguel Chevalier : Oro negro, Gerardo Estrada, Jorge Juanes<\/td>\n<\/tr>\n<tr>\n<td><\/td>\n<td>et Elias Levin Rojo, Ed. Museo de arte Alvar y Carmen T. de Carrillo Gil,<\/td>\n<\/tr>\n<tr>\n<td><\/td>\n<td>Mexico (MEX)<\/td>\n<\/tr>\n<tr>\n<td><\/td>\n<td>&#8211; Otra natura, Jorge Morales, Ed. Centro nacional de las artes,<\/td>\n<\/tr>\n<tr>\n<td><\/td>\n<td>Centro multimedia, Mexico (MEX)<\/td>\n<\/tr>\n<tr>\n<td>1994<\/td>\n<td>&#8211; Miguel Chevalier. Oro negro, Jos\u00e9 Hernan Aguilar,<\/td>\n<\/tr>\n<tr>\n<td><\/td>\n<td>Ed. Museo de arte universidad nacional de Colombia, Bogota (COL)<\/td>\n<\/tr>\n<tr>\n<td>1993<\/td>\n<td>&#8211; Oro negro, Jorge Luis Guti\u00e9rrez, Ed. Museo de artes visuales Alejandro<\/td>\n<\/tr>\n<tr>\n<td><\/td>\n<td>Otero, Caracas (VEN)<\/td>\n<\/tr>\n<tr>\n<td>1992<\/td>\n<td>&#8211; De l&#8217;analogique au num\u00e9rique, Rosanna Albertini, Ed. Mus\u00e9e d&#8217;art<\/td>\n<\/tr>\n<tr>\n<td><\/td>\n<td>et d&#8217;histoire, Belfort (FRA)<\/td>\n<\/tr>\n<tr>\n<td>1991<\/td>\n<td>&#8211; Marine, Ed. Ecole r\u00e9gionale des beaux-arts, Nantes (FRA)<\/td>\n<\/tr>\n<tr>\n<td><\/td>\n<td>&#8211; \u0152nologie, Eric Audinet et Ginger Danto, Ed. Horizons chim\u00e9riques,<\/td>\n<\/tr>\n<tr>\n<td><\/td>\n<td>Paris (FRA)<\/td>\n<\/tr>\n<tr>\n<td>1990<\/td>\n<td>&#8211; Miguel Chevalier. Interconnexion, Patrick Imbard et Alain Renaud,<\/td>\n<\/tr>\n<tr>\n<td><\/td>\n<td>Ed. Centre d&#8217;art contemporain La  Base, Levallois-Perret (FRA)<\/td>\n<\/tr>\n<tr>\n<td><\/td>\n<td>&#8211; Anthropom\u00e9trie, Vittorio Fagone, Ed. Galleria Vivita 2, Firenze (ITA)<\/td>\n<\/tr>\n<tr>\n<td>1989<\/td>\n<td>&#8211; Mosa\u00efques, Ed. Centre d&#8217;art contemporain, Br\u00e9tigny-sur-Orge (FRA)<\/td>\n<\/tr>\n<tr>\n<td><\/td>\n<td>&#8211; R\u00e9volution. De la peinture au num\u00e9rique, Pierre Restany<\/td>\n<\/tr>\n<tr>\n<td><\/td>\n<td>&#8211;  et Laurence Bertrand Dorl\u00e9ac, Ed. Centre d&#8217;art contemporain,<\/td>\n<\/tr>\n<tr>\n<td><\/td>\n<td>&#8211; H\u00e9rouville-Saint-Clair (fra)<\/td>\n<\/tr>\n<tr>\n<td>1987<\/td>\n<td>&#8211; Miguel Chevalier. Images nouvelles, interview avec J\u00e9r\u00f4me Sans,<\/td>\n<\/tr>\n<tr>\n<td><\/td>\n<td>Ed. Granit Centre d&#8217;art contemporain, Belfort (FRA)<\/td>\n<\/tr>\n<\/tbody>\n<\/table>\n<\/div>\n","protected":false},"excerpt":{"rendered":"<p>MIGUEL CHEVALIER Depuis 1978, Miguel Chevalier utilise exclusivement pour langage plastique les nouveaux moyens que la machine informatique lui autorise. Il s&#8217;inscrit d\u00e8s lors dans une avant-garde internationale, comme un pionnier de l&#8217;art virtuel et du num\u00e9rique\u00a0: d\u00e9fricheur de territoires nouveaux, il s&#8217;est peu \u00e0 peu impos\u00e9 comme l&#8217;un des artistes les plus marquants de [&hellip;]<\/p>\n","protected":false},"author":1,"featured_media":0,"comment_status":"closed","ping_status":"open","sticky":false,"template":"","format":"standard","meta":{"footnotes":""},"categories":[4],"tags":[],"class_list":["post-2267","post","type-post","status-publish","format-standard","hentry","category-artiste"],"aioseo_notices":[],"_links":{"self":[{"href":"https:\/\/www.fireboox.fr\/index.php?rest_route=\/wp\/v2\/posts\/2267"}],"collection":[{"href":"https:\/\/www.fireboox.fr\/index.php?rest_route=\/wp\/v2\/posts"}],"about":[{"href":"https:\/\/www.fireboox.fr\/index.php?rest_route=\/wp\/v2\/types\/post"}],"author":[{"embeddable":true,"href":"https:\/\/www.fireboox.fr\/index.php?rest_route=\/wp\/v2\/users\/1"}],"replies":[{"embeddable":true,"href":"https:\/\/www.fireboox.fr\/index.php?rest_route=%2Fwp%2Fv2%2Fcomments&post=2267"}],"version-history":[{"count":2,"href":"https:\/\/www.fireboox.fr\/index.php?rest_route=\/wp\/v2\/posts\/2267\/revisions"}],"predecessor-version":[{"id":2270,"href":"https:\/\/www.fireboox.fr\/index.php?rest_route=\/wp\/v2\/posts\/2267\/revisions\/2270"}],"wp:attachment":[{"href":"https:\/\/www.fireboox.fr\/index.php?rest_route=%2Fwp%2Fv2%2Fmedia&parent=2267"}],"wp:term":[{"taxonomy":"category","embeddable":true,"href":"https:\/\/www.fireboox.fr\/index.php?rest_route=%2Fwp%2Fv2%2Fcategories&post=2267"},{"taxonomy":"post_tag","embeddable":true,"href":"https:\/\/www.fireboox.fr\/index.php?rest_route=%2Fwp%2Fv2%2Ftags&post=2267"}],"curies":[{"name":"wp","href":"https:\/\/api.w.org\/{rel}","templated":true}]}}