{"id":2348,"date":"2015-02-20T13:27:19","date_gmt":"2015-02-20T11:27:19","guid":{"rendered":"http:\/\/www.fireboox.fr\/?p=2348"},"modified":"2016-11-29T16:46:16","modified_gmt":"2016-11-29T14:46:16","slug":"aloys-ohlmann-3","status":"publish","type":"post","link":"https:\/\/www.fireboox.fr\/?p=2348","title":{"rendered":"Aloys Ohlmann"},"content":{"rendered":"<p><a href=\"http:\/\/www.fireboox.fr\/wp-content\/uploads\/2015\/02\/Aloys1.jpg\"><img loading=\"lazy\" decoding=\"async\" class=\"alignnone size-full wp-image-2349\" title=\"Aloys\" src=\"http:\/\/www.fireboox.fr\/wp-content\/uploads\/2015\/02\/Aloys1.jpg\" alt=\"Aloys\" width=\"365\" height=\"548\" srcset=\"https:\/\/www.fireboox.fr\/wp-content\/uploads\/2015\/02\/Aloys1.jpg 365w, https:\/\/www.fireboox.fr\/wp-content\/uploads\/2015\/02\/Aloys1-199x300.jpg 199w\" sizes=\"(max-width: 365px) 100vw, 365px\" \/><\/a><\/p>\n<p>En 1953, Aloys Ohlmann fait un apprentissage de la peinture dans l&#8217;entreprise de son p\u00e8re, Il visite parall\u00e8lement diff\u00e9rents peintres et ateliers d&#8217;artistes pour acqu\u00e9rir des techniques vari\u00e9s et il terminera comme meilleur \u00e9l\u00e8ve. Il poursuit sa formation avec des cours du soir au Lyc\u00e9e de St Wendel.<\/p>\n<p>De 1956 \u00e0 1957, pendant 2 semestres, il fait partie des \u00e9l\u00e8ves de la Classe de <a title=\"Sculpture\" href=\"http:\/\/fr.wikipedia.org\/wiki\/Sculpture\">sculpture<\/a> de <a title=\"Theo Siegle (page inexistante)\" href=\"http:\/\/fr.wikipedia.org\/w\/index.php?title=Theo_Siegle&amp;action=edit&amp;redlink=1\">Theo Siegle<\/a>, Il suit aussi les cours fondamentaux du <abbr title=\"Professeur\">P<sup>r<\/sup><\/abbr> <a title=\"Oskar Holweck (page inexistante)\" href=\"http:\/\/fr.wikipedia.org\/w\/index.php?title=Oskar_Holweck&amp;action=edit&amp;redlink=1\">Oskar Holweck<\/a>. Il apprend la p\u00e9dagogie avec l&#8217;enseignement de l&#8217;\u00e9ducation artistique et il continue de fr\u00e9quenter diff\u00e9rents ateliers pour ma\u00eetriser diff\u00e9rentes techniques artistiques.<\/p>\n<div>\n<div style=\"width: 138px;\">\n<p><a href=\"http:\/\/commons.wikimedia.org\/wiki\/File:Statue_le_roi_et_la_reine.jpg?uselang=fr\"><img loading=\"lazy\" decoding=\"async\" src=\"http:\/\/upload.wikimedia.org\/wikipedia\/commons\/b\/bb\/Statue_le_roi_et_la_reine.jpg\" alt=\"\" width=\"136\" height=\"201\" \/><\/a><\/p>\n<div>King and Queen, seated on a stepped base pairs flanked dog or cat figurine , green 1999<\/div>\n<\/div>\n<\/div>\n<p>De 1958 \u00e0 1960, il \u00e9tudie la peinture avec <a title=\"Boris Kleint (page inexistante)\" href=\"http:\/\/fr.wikipedia.org\/w\/index.php?title=Boris_Kleint&amp;action=edit&amp;redlink=1\">Boris Kleint<\/a> \u00e0 <a title=\"Sarrebruck\" href=\"http:\/\/fr.wikipedia.org\/wiki\/Sarrebruck\">Sarrebruck<\/a> dans l&#8217;\u00e9cole sup\u00e9rieures de peinture lib\u00e9rale et appliqu\u00e9e. Il devient un disciple et un ami du Professeur <a title=\"Boris Kleint (page inexistante)\" href=\"http:\/\/fr.wikipedia.org\/w\/index.php?title=Boris_Kleint&amp;action=edit&amp;redlink=1\">Kleint<\/a>.<\/p>\n<p>Aloys OHLMANN suit aussi les cours d&#8217;histoire de l&#8217;art tenus par les Professeurs Dr <a title=\"Josef Adolf Schmoll genannt Eisenwerth (page inexistante)\" href=\"http:\/\/fr.wikipedia.org\/w\/index.php?title=Josef_Adolf_Schmoll_genannt_Eisenwerth&amp;action=edit&amp;redlink=1\">Josef Adolf Schmoll genannt Eisenwerth<\/a> et Pr. Dr. <a title=\"Peter Johannes Volkelt (page inexistante)\" href=\"http:\/\/fr.wikipedia.org\/w\/index.php?title=Peter_Johannes_Volkelt&amp;action=edit&amp;redlink=1\">Peter Johannes Volkelt<\/a>.<\/p>\n<p>Il s&#8217;inscrit aussi \u00e0 la nouvelle \u00e9cole professionnelle de maitrise &#8220;AM M\u00dcGELSBERG&#8221; \u00e0 Sarrebruck.<\/p>\n<p>En 1960, il re\u00e7oit le dipl\u00f4me de &#8220;ma\u00eetre peintre&#8221;.<\/p>\n<p>Entre 1961 et 1963 il s&#8217;inscrit \u00e0 l\u2019\u00c9cole Sup\u00e9rieure de Peinture Lib\u00e9rale et Appliqu\u00e9e \u00e0 l\u2019Acad\u00e9mie des Beaux Arts <a title=\"Kurt Wehlte (page inexistante)\" href=\"http:\/\/fr.wikipedia.org\/w\/index.php?title=Kurt_Wehlte&amp;action=edit&amp;redlink=1\">Kurt Wehlte Institut<\/a> \u00e0 <a title=\"Stuttgart\" href=\"http:\/\/fr.wikipedia.org\/wiki\/Stuttgart\">Stuttgart<\/a>. Ses professeurs sont <a href=\"http:\/\/fr.gallerynucleus.com\/artist\/chris_appelhans\" rel=\"nofollow\">Chris Appelhans<\/a>, <a title=\"Hans Schreiner (page inexistante)\" href=\"http:\/\/fr.wikipedia.org\/w\/index.php?title=Hans_Schreiner&amp;action=edit&amp;redlink=1\">Hans Schreiner<\/a> et Paul Heinrichs.<\/p>\n<p>Il obtient une <a title=\"Bourse d'\u00e9tude\" href=\"http:\/\/fr.wikipedia.org\/wiki\/Bourse_d%27%C3%A9tude\">bourse d&#8217;\u00e9tude<\/a> de la chambre des m\u00e9tiers et s&#8217;inscrit \u00e0 l&#8217;\u00e9cole sup\u00e9rieur de peinture &#8220;Kurt Wehlte Institut&#8221; \u00e0 Stuttgart.<\/p>\n<p>1963 il revient en Sarre.<\/p>\n<p>1963-1965 \u00c9tudes sup\u00e9rieurs pour enseigner les arts plastiques, dipl\u00f4me du second et troisi\u00e8me niveau.<\/p>\n<p>En 1965, il \u00e9pouse Maria Stefanski et construit leur maison avec un grand atelier artistique \u00e0 <a title=\"Baltersweileir (page inexistante)\" href=\"http:\/\/fr.wikipedia.org\/w\/index.php?title=Baltersweileir&amp;action=edit&amp;redlink=1\">Baltersweileir<\/a>.<\/p>\n<p>De 1965 \u00e0 1997, il sera professeur d&#8217;<a title=\"Arts plastiques\" href=\"http:\/\/fr.wikipedia.org\/wiki\/Arts_plastiques\">arts plastiques<\/a> dans l&#8217;<a title=\"Enseignement secondaire\" href=\"http:\/\/fr.wikipedia.org\/wiki\/Enseignement_secondaire\">enseignement secondaire<\/a> \u00e0 <a title=\"Oberthal (Sarre)\" href=\"http:\/\/fr.wikipedia.org\/wiki\/Oberthal_%28Sarre%29\">Oberthal<\/a>, <a title=\"Alsweiler (page inexistante)\" href=\"http:\/\/fr.wikipedia.org\/w\/index.php?title=Alsweiler&amp;action=edit&amp;redlink=1\">Alsweiler<\/a> et <a title=\"Bliesen (page inexistante)\" href=\"http:\/\/fr.wikipedia.org\/w\/index.php?title=Bliesen&amp;action=edit&amp;redlink=1\">Bliesen<\/a>. Il est aussi assistant \u00e0 l\u2019\u00c9cole des Arts Appliqu\u00e9s de <a title=\"Sarrebruck\" href=\"http:\/\/fr.wikipedia.org\/wiki\/Sarrebruck\">Sarrebruck<\/a> pour la peinture.<\/p>\n<p>En 1968 il est le cofondateur du <a title=\"Gruppe 7 (page inexistante)\" href=\"http:\/\/fr.wikipedia.org\/w\/index.php?title=Gruppe_7&amp;action=edit&amp;redlink=1\">\u00ab Gruppe_7\u00bb<\/a> avec, notamment, Paul Anthony, Heinz Diesel et Seiji Kimoto. Ils exposent r\u00e9guli\u00e8rement en Europe.<\/p>\n<div>\n<div style=\"width: 222px;\">\n<p><a href=\"http:\/\/commons.wikimedia.org\/wiki\/File:MailArt_1978.jpg?uselang=fr\"><img loading=\"lazy\" decoding=\"async\" src=\"http:\/\/upload.wikimedia.org\/wikipedia\/commons\/thumb\/0\/07\/MailArt_1978.jpg\/220px-MailArt_1978.jpg\" alt=\"\" width=\"220\" height=\"153\" \/><\/a><\/p>\n<div>MailArt 1978<\/div>\n<\/div>\n<\/div>\n<p>\u00c0 la fin des <a title=\"Ann\u00e9es 1970\" href=\"http:\/\/fr.wikipedia.org\/wiki\/Ann%C3%A9es_1970\">ann\u00e9es 1970<\/a>, il travaille aussi l&#8217;<a title=\"Art postal\" href=\"http:\/\/fr.wikipedia.org\/wiki\/Art_postal\">art postal<\/a> (Mail Art).<\/p>\n<p>1973 le minist\u00e8re de la culture le mandate pour l\u2019organisation de l&#8217;exposition &#8220;Saar-Grafik-73&#8221; \u00e0 la Moderne Galerie de Saarland Museum, Saarbr\u00fccken. Ce sera le commencement d&#8217;amiti\u00e9s internationales avec de nombreux artistes.<\/p>\n<div>\n<div style=\"width: 222px;\">\n<p><a href=\"http:\/\/commons.wikimedia.org\/wiki\/File:MailArt1980.jpg?uselang=fr\"><img loading=\"lazy\" decoding=\"async\" src=\"http:\/\/upload.wikimedia.org\/wikipedia\/commons\/thumb\/b\/b1\/MailArt1980.jpg\/220px-MailArt1980.jpg\" alt=\"\" width=\"220\" height=\"163\" \/><\/a><\/p>\n<div>Mail Art 1980<\/div>\n<\/div>\n<\/div>\n<p>1975 Echanges avec les artistes en Alsace lorraine, Coop\u00e9ration avec le professeur <a title=\"Richard MEIER (page inexistante)\" href=\"http:\/\/fr.wikipedia.org\/w\/index.php?title=Richard_MEIER&amp;action=edit&amp;redlink=1\">Richard MEIER<\/a> de l&#8217;Acad\u00e9mie des Beaux Arts de Metz et Th\u00e9o WOLTERS de la Galerie OEIL \u00e0 Forbach<\/p>\n<p>1976<\/p>\n<ul>\n<li>Cofondateur de la Galerie \u00ab\u00a0Im Zwinger\u00a0\u00bb \u00e0 <a title=\"Saint-Wendel\" href=\"http:\/\/fr.wikipedia.org\/wiki\/Saint-Wendel\">Saint-Wendel<\/a><\/li>\n<li>Cofondateur de la premi\u00e8re association des &#8220;amis de l&#8217;art en <a title=\"Sarre (Land)\" href=\"http:\/\/fr.wikipedia.org\/wiki\/Sarre_%28Land%29\">Sarre<\/a>&#8220;.<\/li>\n<\/ul>\n<ul>\n<li>Organisation avec Richard MEIER. de l&#8217;exposition &#8220;Nonconfrontation&#8221; pour les nouvelles tendances dans l&#8217;art contemporain en Sarre et en Alsace-Lorraine \u00e0 la Moderne Galerie du Saarland Mus\u00e9um, Sarrebruck<\/li>\n<li>Bourse d&#8217;\u00e9tude du gourvernement sarrrois pour l&#8217;<a href=\"http:\/\/www.atelier-de-seguret.info\/cms\/index.php\/start.html\" rel=\"nofollow\">Atelier International de S\u00e9guret<\/a>, Provence.<\/li>\n<\/ul>\n<p>1978 coorganisateur de l\u2019exposition itin\u00e9rante &#8220;Contre l&#8217;\u00e9tat nucl\u00e9aire&#8221; pr\u00e9sent\u00e9e dans toute l\u2019allemande.<\/p>\n<p>De 1983 \u00e0 1991, sa r\u00e9putation grandit avec ses expositions et ses enseignements dispens\u00e9s \u00e0 l&#8217;<a title=\"Universit\u00e9 de la Sarre\" href=\"http:\/\/fr.wikipedia.org\/wiki\/Universit%C3%A9_de_la_Sarre\">Universit\u00e9 de la Sarre<\/a> dans l&#8217;Institut d&#8217;Enseignements d&#8217;Arts Plastiques.<\/p>\n<p>1986 Prix de la ville de <a title=\"Beaucaire\" href=\"http:\/\/fr.wikipedia.org\/wiki\/Beaucaire\">Beaucaire<\/a> en France<\/p>\n<div>\n<div style=\"width: 222px;\">\n<p><a href=\"http:\/\/commons.wikimedia.org\/wiki\/File:Africa_2006.png?uselang=fr\"><img loading=\"lazy\" decoding=\"async\" src=\"http:\/\/upload.wikimedia.org\/wikipedia\/commons\/thumb\/c\/c9\/Africa_2006.png\/220px-Africa_2006.png\" alt=\"\" width=\"220\" height=\"330\" \/><\/a><\/p>\n<div>Mon \u00e2me \u00e9tait en Afrique 2006<\/div>\n<\/div>\n<\/div>\n<p>En 1987, il organise l\u2019exposition internationale \u00ab\u00a0Peintures pour l&#8217;Afrique\u00a0\u00bb. 250 artistes provenant de 29 pays r\u00e9pondront \u00e0 cet appel. Les ventes aux ench\u00e8res rapporteront 100\u00a0000\u00a0$.<\/p>\n<p>En 1989, Ohlmann fait exposer des images de l&#8217;<a title=\"Afrique\" href=\"http:\/\/fr.wikipedia.org\/wiki\/Afrique\">Afrique<\/a> dans l&#8217;<a title=\"\u00c9glise Sainte-Croix de Dresde\" href=\"http:\/\/fr.wikipedia.org\/wiki\/%C3%89glise_Sainte-Croix_de_Dresde\">\u00e9glise Sainte-Croix de Dresde<\/a> et dans l&#8217;<a title=\"\u00c9glise Saint-Thomas de Leipzig\" href=\"http:\/\/fr.wikipedia.org\/wiki\/%C3%89glise_Saint-Thomas_de_Leipzig\">\u00e9glise Saint-Thomas de Leipzig<\/a>.<\/p>\n<p>En 1988, il organise avec Tajana Popowa la premi\u00e8re exposition Internationale d&#8217;art contemporain \u00e0 <a title=\"Moscou\" href=\"http:\/\/fr.wikipedia.org\/wiki\/Moscou\">Moscou<\/a>. Ohlmann re\u00e7oit la m\u00e9daille de bronze du <a title=\"Mus\u00e9e de Lublin (page inexistante)\" href=\"http:\/\/fr.wikipedia.org\/w\/index.php?title=Mus%C3%A9e_de_Lublin&amp;action=edit&amp;redlink=1\">Mus\u00e9e de Lublin<\/a> lors de la seconde triennale internationale de \u00ab\u00a0l&#8217;Art contre la Guerre\u00a0\u00bb, <a title=\"Majdanek\" href=\"http:\/\/fr.wikipedia.org\/wiki\/Majdanek\">Majdanek<\/a>, <a title=\"Lublin\" href=\"http:\/\/fr.wikipedia.org\/wiki\/Lublin\">Lublin<\/a>, <a title=\"Pologne\" href=\"http:\/\/fr.wikipedia.org\/wiki\/Pologne\">Pologne<\/a>.<\/p>\n<p>En 1991, il cesse son activit\u00e9 au forum de la Galerie Im Zwinger, \u00e0 Saint-Wendel.<\/p>\n<p>En 2000, il lance l&#8217;exposition <em><span lang=\"de\">Mail Art Saarland \u2013 DDR: Schmuggelgut oder Kassiber?<\/span><\/em> \u00e0 la biblioth\u00e8que de l&#8217;<a title=\"Universit\u00e9 de la Sarre\" href=\"http:\/\/fr.wikipedia.org\/wiki\/Universit%C3%A9_de_la_Sarre\">universit\u00e9 de la Sarre<\/a>.<\/p>\n<p>2003 <a href=\"http:\/\/fr.artprice.com\/artiste\/234250\/mia-munster\" rel=\"nofollow\">Prix Mia M\u00fcnster<\/a> de la ville de St Wendel.<\/p>\n<p>Il est invit\u00e9 dans de nombreuses expositions, notamment\u00a0:<\/p>\n<ul>\n<li>2008\u00a0: Exposition \u00ab\u00a0<a title=\"Wort und Bild (page inexistante)\" href=\"http:\/\/fr.wikipedia.org\/w\/index.php?title=Wort_und_Bild&amp;action=edit&amp;redlink=1\">Wort und Bild<\/a> \u00bb, K\u00fcnsHerbucher avec l&#8217;Universit\u00e9 SAAL et la biblioth\u00e8que nationale.<\/li>\n<li>2011\u00a0: Exposition \u00ab\u00a0<a href=\"http:\/\/www.saarbruecker-zeitung.de\/saarland\/neunkirchen\/Bosen;art2803,3789049\" rel=\"nofollow\">Reflexionen und Metamorphosen\u00a0\u00bb, Kunstrentrum Bosener M\u00fcble, Bosen<\/a><\/li>\n<li>2013\u00a0: Exposition \u00ab\u00a0Tag bemmer\u00a0\u00bb Dessins et textes, Sld universit\u00e9 et biblioth\u00e8que nationale, Sbr<\/li>\n<li>2014\u00a0: Exposition \u00ab\u00a0<a href=\"http:\/\/www.dagstuhl.de\/de\/ueber-dagstuhl\/aktuelles\/detail\/meldung\/519\/\" rel=\"nofollow\">Fensterbilder\u00a0\u00bb, une collaboration pour rendre hommage \u00e0 Oskar Schlemmer<\/a> \u00e0 titre posthume.<\/li>\n<\/ul>\n<p>Aloys Ohlmann \u00e9tait mari\u00e9 \u00e0 Maria Stefanski. Ils vivaient \u00e0 <a title=\"Baltersweile (page inexistante)\" href=\"http:\/\/fr.wikipedia.org\/w\/index.php?title=Baltersweile&amp;action=edit&amp;redlink=1\">Baltersweiler<\/a> dans la <a title=\"Sarre\" href=\"http:\/\/fr.wikipedia.org\/wiki\/Sarre\">Sarre<\/a>.<\/p>\n<p><span style=\"border-radius: 2px; text-indent: 20px; width: auto; padding: 0px 4px 0px 0px; text-align: center; font: bold 11px\/20px 'Helvetica Neue',Helvetica,sans-serif; color: #ffffff; background: #bd081c no-repeat scroll 3px 50% \/ 14px 14px; position: absolute; opacity: 1; z-index: 8675309; display: none; cursor: pointer;\">Enregistrer<\/span><\/p>\n<p><span style=\"border-radius: 2px; text-indent: 20px; width: auto; padding: 0px 4px 0px 0px; text-align: center; font: bold 11px\/20px 'Helvetica Neue',Helvetica,sans-serif; color: #ffffff; background: #bd081c  no-repeat scroll 3px 50% \/ 14px 14px; position: absolute; opacity: 1; z-index: 8675309; display: none; cursor: pointer;\">Enregistrer<\/span><\/p>\n","protected":false},"excerpt":{"rendered":"<p>En 1953, Aloys Ohlmann fait un apprentissage de la peinture dans l&#8217;entreprise de son p\u00e8re, Il visite parall\u00e8lement diff\u00e9rents peintres et ateliers d&#8217;artistes pour acqu\u00e9rir des techniques vari\u00e9s et il terminera comme meilleur \u00e9l\u00e8ve. Il poursuit sa formation avec des cours du soir au Lyc\u00e9e de St Wendel. De 1956 \u00e0 1957, pendant 2 semestres, [&hellip;]<\/p>\n","protected":false},"author":1,"featured_media":2347,"comment_status":"closed","ping_status":"open","sticky":false,"template":"","format":"gallery","meta":{"footnotes":""},"categories":[265],"tags":[],"class_list":["post-2348","post","type-post","status-publish","format-gallery","has-post-thumbnail","hentry","category-artistes","post_format-post-format-gallery"],"aioseo_notices":[],"_links":{"self":[{"href":"https:\/\/www.fireboox.fr\/index.php?rest_route=\/wp\/v2\/posts\/2348"}],"collection":[{"href":"https:\/\/www.fireboox.fr\/index.php?rest_route=\/wp\/v2\/posts"}],"about":[{"href":"https:\/\/www.fireboox.fr\/index.php?rest_route=\/wp\/v2\/types\/post"}],"author":[{"embeddable":true,"href":"https:\/\/www.fireboox.fr\/index.php?rest_route=\/wp\/v2\/users\/1"}],"replies":[{"embeddable":true,"href":"https:\/\/www.fireboox.fr\/index.php?rest_route=%2Fwp%2Fv2%2Fcomments&post=2348"}],"version-history":[{"count":7,"href":"https:\/\/www.fireboox.fr\/index.php?rest_route=\/wp\/v2\/posts\/2348\/revisions"}],"predecessor-version":[{"id":3326,"href":"https:\/\/www.fireboox.fr\/index.php?rest_route=\/wp\/v2\/posts\/2348\/revisions\/3326"}],"wp:featuredmedia":[{"embeddable":true,"href":"https:\/\/www.fireboox.fr\/index.php?rest_route=\/wp\/v2\/media\/2347"}],"wp:attachment":[{"href":"https:\/\/www.fireboox.fr\/index.php?rest_route=%2Fwp%2Fv2%2Fmedia&parent=2348"}],"wp:term":[{"taxonomy":"category","embeddable":true,"href":"https:\/\/www.fireboox.fr\/index.php?rest_route=%2Fwp%2Fv2%2Fcategories&post=2348"},{"taxonomy":"post_tag","embeddable":true,"href":"https:\/\/www.fireboox.fr\/index.php?rest_route=%2Fwp%2Fv2%2Ftags&post=2348"}],"curies":[{"name":"wp","href":"https:\/\/api.w.org\/{rel}","templated":true}]}}