{"id":303,"date":"2009-06-12T12:30:04","date_gmt":"2009-06-12T10:30:04","guid":{"rendered":"http:\/\/www.bookbox.fr\/newsite\/?p=303"},"modified":"2009-06-12T12:30:35","modified_gmt":"2009-06-12T10:30:35","slug":"alain-freixe","status":"publish","type":"post","link":"https:\/\/www.fireboox.fr\/?p=303","title":{"rendered":"Alain Freixe"},"content":{"rendered":"<p><img loading=\"lazy\" decoding=\"async\" class=\"alignnone size-medium wp-image-304\" title=\"freixe\" src=\"http:\/\/www.bookbox.fr\/newsite\/wp-content\/uploads\/2009\/06\/freixe-165x300.jpg\" alt=\"freixe\" width=\"165\" height=\"300\" srcset=\"https:\/\/www.fireboox.fr\/wp-content\/uploads\/2009\/06\/freixe-165x300.jpg 165w, https:\/\/www.fireboox.fr\/wp-content\/uploads\/2009\/06\/freixe-524x950.jpg 524w, https:\/\/www.fireboox.fr\/wp-content\/uploads\/2009\/06\/freixe.jpg 584w\" sizes=\"(max-width: 165px) 100vw, 165px\" \/><\/p>\n<h3><span style=\"color: #ff0066;\">Alain Freixe<\/span><\/h3>\n<p>Alain Freixe n\u00e9 le 3 d\u00e9cembre 1946, en terres catalanes. Vit entre Nice et Valberg.Mer et montagne. Aime \u00e0 musarder entre philosophie et po\u00e9sie. Membre du comit\u00e9 de la revue Friches. Pr\u00e9sident de l&#8217;Association des Amis de l&#8217;Amourier et directeur de publication de la gazette Basilic. Anime aux c\u00f4t\u00e9s d\u2019Yves Ughes, son pr\u00e9sident, et de Jean-Marie Barnaud, l\u2019association Podio, pour la d\u00e9fense et l\u2019illustration de la po\u00e9sie \u00e0 Grasse, qui organise tous les ans,dans le cadre de la Biblioth\u00e8que Municipale de Grasse, un cycle de rencontres-conf\u00e9rences Pourquoi des po\u00e8tes&#8230;? Vice-pr\u00e9sident du Centre Jo\u00eb Bousquet et son temps, Maison des m\u00e9moires, Carcassonne. Chroniqueur Po\u00e9sie au journal L\u2019Humanit\u00e9.<\/p>\n","protected":false},"excerpt":{"rendered":"<p>Alain Freixe Alain Freixe n\u00e9 le 3 d\u00e9cembre 1946, en terres catalanes. Vit entre Nice et Valberg.Mer et montagne. Aime \u00e0 musarder entre philosophie et po\u00e9sie. Membre du comit\u00e9 de la revue Friches. Pr\u00e9sident de l&#8217;Association des Amis de l&#8217;Amourier et directeur de publication de la gazette Basilic. Anime aux c\u00f4t\u00e9s d\u2019Yves Ughes, son pr\u00e9sident, [&hellip;]<\/p>\n","protected":false},"author":3,"featured_media":0,"comment_status":"closed","ping_status":"open","sticky":false,"template":"","format":"standard","meta":{"footnotes":""},"categories":[4],"tags":[],"class_list":["post-303","post","type-post","status-publish","format-standard","hentry","category-artiste"],"aioseo_notices":[],"_links":{"self":[{"href":"https:\/\/www.fireboox.fr\/index.php?rest_route=\/wp\/v2\/posts\/303"}],"collection":[{"href":"https:\/\/www.fireboox.fr\/index.php?rest_route=\/wp\/v2\/posts"}],"about":[{"href":"https:\/\/www.fireboox.fr\/index.php?rest_route=\/wp\/v2\/types\/post"}],"author":[{"embeddable":true,"href":"https:\/\/www.fireboox.fr\/index.php?rest_route=\/wp\/v2\/users\/3"}],"replies":[{"embeddable":true,"href":"https:\/\/www.fireboox.fr\/index.php?rest_route=%2Fwp%2Fv2%2Fcomments&post=303"}],"version-history":[{"count":3,"href":"https:\/\/www.fireboox.fr\/index.php?rest_route=\/wp\/v2\/posts\/303\/revisions"}],"predecessor-version":[{"id":307,"href":"https:\/\/www.fireboox.fr\/index.php?rest_route=\/wp\/v2\/posts\/303\/revisions\/307"}],"wp:attachment":[{"href":"https:\/\/www.fireboox.fr\/index.php?rest_route=%2Fwp%2Fv2%2Fmedia&parent=303"}],"wp:term":[{"taxonomy":"category","embeddable":true,"href":"https:\/\/www.fireboox.fr\/index.php?rest_route=%2Fwp%2Fv2%2Fcategories&post=303"},{"taxonomy":"post_tag","embeddable":true,"href":"https:\/\/www.fireboox.fr\/index.php?rest_route=%2Fwp%2Fv2%2Ftags&post=303"}],"curies":[{"name":"wp","href":"https:\/\/api.w.org\/{rel}","templated":true}]}}