{"id":550,"date":"2009-06-12T18:18:33","date_gmt":"2009-06-12T16:18:33","guid":{"rendered":"http:\/\/www.bookbox.fr\/newsite\/?p=550"},"modified":"2016-11-15T11:52:27","modified_gmt":"2016-11-15T09:52:27","slug":"fraction","status":"publish","type":"post","link":"https:\/\/www.fireboox.fr\/?p=550","title":{"rendered":"Constellation Pompidou Metz"},"content":{"rendered":"<p><a href=\"http:\/\/www.fireboox.fr\/wp-content\/uploads\/2009\/06\/fraction-expo.jpg\"><img loading=\"lazy\" decoding=\"async\" class=\"alignnone wp-image-552 size-full\" title=\"fraction expo\" src=\"http:\/\/www.fireboox.fr\/wp-content\/uploads\/2009\/06\/fraction-expo.jpg\" alt=\"fraction expo\" width=\"800\" height=\"554\" srcset=\"https:\/\/www.fireboox.fr\/wp-content\/uploads\/2009\/06\/fraction-expo.jpg 800w, https:\/\/www.fireboox.fr\/wp-content\/uploads\/2009\/06\/fraction-expo-300x207.jpg 300w\" sizes=\"(max-width: 800px) 100vw, 800px\" \/><\/a><\/p>\n<h3><span style=\"color: #ff0066;\">Fraction \/ Montigny &amp; Constellation Beaubourg Metz<\/span><\/h3>\n<p><span style=\"color: #ff0066;\"><strong>Ch\u00e2teau de Courcelles<br \/>\nRichard Meier Voix Editions<br \/>\ndu 02\/05\/2009 au 05\/05\/2009<\/strong><\/span><\/p>\n<p><span style=\"color: #ff0066;\"><strong><a href=\"http:\/\/www.fireboox.fr\/wp-content\/uploads\/2009\/06\/montigny1.jpg\"><img loading=\"lazy\" decoding=\"async\" class=\"alignnone wp-image-558 size-full\" title=\"montigny\" src=\"http:\/\/www.fireboox.fr\/wp-content\/uploads\/2009\/06\/montigny1.jpg\" alt=\"montigny\" width=\"900\" height=\"640\" srcset=\"https:\/\/www.fireboox.fr\/wp-content\/uploads\/2009\/06\/montigny1.jpg 900w, https:\/\/www.fireboox.fr\/wp-content\/uploads\/2009\/06\/montigny1-300x213.jpg 300w\" sizes=\"(max-width: 900px) 100vw, 900px\" \/><\/a><br \/>\nT\u00e9l\u00e9phone renseignement : 03 87 65 80 05<br \/>\nJours d&#8217;ouverture : mercredi, samedi, dimanche<br \/>\nHoraires : De 14h \u00e0 18h<\/strong><\/span><\/p>\n<p><span style=\"color: #ff0066;\"><strong><br \/>\n<\/strong><\/span><\/p>\n","protected":false},"excerpt":{"rendered":"<p>Fraction \/ Montigny &amp; Constellation Beaubourg Metz Ch\u00e2teau de Courcelles Richard Meier Voix Editions du 02\/05\/2009 au 05\/05\/2009 T\u00e9l\u00e9phone renseignement : 03 87 65 80 05 Jours d&#8217;ouverture : mercredi, samedi, dimanche Horaires : De 14h \u00e0 18h<\/p>\n","protected":false},"author":1,"featured_media":0,"comment_status":"closed","ping_status":"open","sticky":false,"template":"","format":"standard","meta":{"footnotes":""},"categories":[8],"tags":[12,202,135,134,136,204,205,15,10,11,137,13,14,123],"class_list":["post-550","post","type-post","status-publish","format-standard","hentry","category-exposition","tag-art","tag-artiste","tag-beaubourg","tag-constellation","tag-constellation-beaubourg","tag-cosyworks","tag-exposition","tag-graphisme","tag-matchboox","tag-matchboox-fr","tag-metz","tag-poesie","tag-poete","tag-richard-meier"],"aioseo_notices":[],"_links":{"self":[{"href":"https:\/\/www.fireboox.fr\/index.php?rest_route=\/wp\/v2\/posts\/550"}],"collection":[{"href":"https:\/\/www.fireboox.fr\/index.php?rest_route=\/wp\/v2\/posts"}],"about":[{"href":"https:\/\/www.fireboox.fr\/index.php?rest_route=\/wp\/v2\/types\/post"}],"author":[{"embeddable":true,"href":"https:\/\/www.fireboox.fr\/index.php?rest_route=\/wp\/v2\/users\/1"}],"replies":[{"embeddable":true,"href":"https:\/\/www.fireboox.fr\/index.php?rest_route=%2Fwp%2Fv2%2Fcomments&post=550"}],"version-history":[{"count":13,"href":"https:\/\/www.fireboox.fr\/index.php?rest_route=\/wp\/v2\/posts\/550\/revisions"}],"predecessor-version":[{"id":573,"href":"https:\/\/www.fireboox.fr\/index.php?rest_route=\/wp\/v2\/posts\/550\/revisions\/573"}],"wp:attachment":[{"href":"https:\/\/www.fireboox.fr\/index.php?rest_route=%2Fwp%2Fv2%2Fmedia&parent=550"}],"wp:term":[{"taxonomy":"category","embeddable":true,"href":"https:\/\/www.fireboox.fr\/index.php?rest_route=%2Fwp%2Fv2%2Fcategories&post=550"},{"taxonomy":"post_tag","embeddable":true,"href":"https:\/\/www.fireboox.fr\/index.php?rest_route=%2Fwp%2Fv2%2Ftags&post=550"}],"curies":[{"name":"wp","href":"https:\/\/api.w.org\/{rel}","templated":true}]}}